{"id":1088,"date":"2020-01-09T00:25:17","date_gmt":"2020-01-08T23:25:17","guid":{"rendered":"https:\/\/dynamique-cadres.org\/wordpress\/?p=1088"},"modified":"2020-01-09T00:25:17","modified_gmt":"2020-01-08T23:25:17","slug":"400-grammes-de-cerveau-dedie-au-lien-social-et-a-lempathie","status":"publish","type":"post","link":"https:\/\/dynamique-cadres.org\/wordpress\/400-grammes-de-cerveau-dedie-au-lien-social-et-a-lempathie\/","title":{"rendered":"400 grammes de cerveau d\u00e9di\u00e9 au lien social et \u00e0 l\u2019empathie"},"content":{"rendered":"<p>En nous inspirant notamment d\u2019une conf\u00e9rence donn\u00e9e par Monsieur Pierre-Marie Lledo invit\u00e9 par le cabinet de management de transition Wayden (en r\u00e9f \u00e0 la fin de cet article), nous souhaitons aujourd\u2019hui partager avec vous les enseignements transmis \u00e0 partir des neurosciences.<\/p>\n<p>Ce n\u2019est pas le hasard si nous avons 2 oreilles mais une seule bouche, la nature est bien faite\u00a0: comme vous l\u2019imaginez c\u2019est pour plus \u00e9couter et nous impr\u00e9gner de notre environnement que parler.<\/p>\n<p>Il est aujourd\u2019hui prouv\u00e9 que la m\u00e9thode d\u2019acquisition des informations de notre cerveau se d\u00e9roule en 3 temps :<\/p>\n<ol>\n<li>Acquisition du savoir<\/li>\n<li>Compr\u00e9hension et temps de la r\u00e9flexion<\/li>\n<li>Passage \u00e0 l\u2019action<\/li>\n<\/ol>\n<p><img loading=\"lazy\" decoding=\"async\" class=\"aligncenter wp-image-1089\" src=\"https:\/\/adqcghyr.preview.infomaniak.website\/wordpress\/wp-content\/uploads\/2020\/01\/empathie.jpg\" alt=\"\" width=\"454\" height=\"330\" srcset=\"https:\/\/adqcghyr.preview.infomaniak.website\/wordpress\/wp-content\/uploads\/2020\/01\/empathie.jpg 1046w, https:\/\/adqcghyr.preview.infomaniak.website\/wordpress\/wp-content\/uploads\/2020\/01\/empathie-300x218.jpg 300w, https:\/\/adqcghyr.preview.infomaniak.website\/wordpress\/wp-content\/uploads\/2020\/01\/empathie-1024x744.jpg 1024w, https:\/\/adqcghyr.preview.infomaniak.website\/wordpress\/wp-content\/uploads\/2020\/01\/empathie-768x558.jpg 768w\" sizes=\"auto, (max-width: 454px) 100vw, 454px\" \/><\/p>\n<p>Et entre chaque temps nous avons besoin de prendre du recul et laisser reposer notre cerveau afin de dig\u00e9rer les nouvelles informations acquises.<\/p>\n<p>Attention \u00e0 l\u2019ub\u00e9risation de notre cerveau qui peut court-circuiter notre esprit critique : les r\u00e9seaux sociaux ont la mauvaise habitude d\u2019attirer notre attention sur des informations et nouvelles tout azimut qui risquent de nous invalider dans notre capacit\u00e9 de compr\u00e9hension face \u00e0 notre esprit critique. Soyons strat\u00e8ge, critique et clair sur ce vers quoi nous souhaitons aller.<\/p>\n<p>De plus, il est aujourd\u2019hui prouv\u00e9 que l\u2019infob\u00e9sit\u00e9 provoque un stress li\u00e9 \u00e0 une surcharge mentale qui entraine une paralysie nous emp\u00eachant alors de passer \u00e0 l\u2019action.<\/p>\n<p>Bonnes nouvelles et fausses croyances\u00a0:<\/p>\n<p><span style=\"color: #3366ff;\"><strong>1. Notre cerveau est taill\u00e9 sur mesure<\/strong><\/span><\/p>\n<p>Les m\u00e9decins l\u00e9gistes ne peuvent dater l\u2019\u00e2ge de notre cerveau car<\/p>\n<p>\ud83d\ude0a nous produisons des neurones toute notre vie.<\/p>\n<p>\u21d2\u00a0nous pouvons donc \u00e9voluer et apprendre \u00e0 tout \u00e2ge.<\/p>\n<p><span style=\"color: #3366ff;\"><strong>2. Notre cerveau se nourrit du changement<\/strong><\/span><\/p>\n<p>\u00ab\u00a0Le cerveau se d\u00e9truit dans la permanence des choses et a donc besoin de changement, de diff\u00e9rence, d\u2019alt\u00e9rit\u00e9 et d\u2019ext\u00e9riorit\u00e9\u00a0\u00bb.<\/p>\n<p>Notre cerveau se fa\u00e7onne en fonction des stimuli g\u00e9n\u00e9r\u00e9s par notre environnement.<\/p>\n<p>\u21d2\u00a0profitons donc du temps qui nous est donn\u00e9 pour rencontrer des gens et continuer \u00e0 alimenter nos connaissances ; en vue d\u2019entretenir notre employabilit\u00e9 et aussi nourrir nos neurones avec des activit\u00e9s plaisir.<\/p>\n<p><span style=\"color: #3366ff;\"><strong>3. Notre cerveau vit trois temps :<\/strong><\/span><\/p>\n<p style=\"padding-left: 40px;\"><span style=\"color: #3366ff;\">Le pr\u00e9sent du pass\u00e9<\/span>\u00a0: lorsque nous pr\u00e9sentons une r\u00e9alisation probante relative \u00e0 notre exp\u00e9rience, notre cerveau la vit au pr\u00e9sent du pass\u00e9.<\/p>\n<p style=\"padding-left: 40px;\"><span style=\"color: #3366ff;\">Le pr\u00e9sent du pr\u00e9sent<\/span>\u00a0: le pouvoir de l\u2019instant pr\u00e9sent o\u00f9 les \u00e9motions sont v\u00e9cues et exprim\u00e9es dans l\u2019instant.<\/p>\n<p style=\"padding-left: 40px;\"><span style=\"color: #3366ff;\">Le pr\u00e9sent du futur<\/span>\u00a0: le pouvoir de modifier notre pr\u00e9sent pour transformer notre futur \u00f0 les causes de notre futur se situent dans notre pr\u00e9sent.<\/p>\n<p>En clair notre cerveau fonctionne toujours avec une emprise dans le pr\u00e9sent. Profitons-en pour clarifier notre histoire pass\u00e9e et pr\u00e9sente afin de nous construire un futur sur mesure, en ad\u00e9quation avec nos ambitions et souhaits.<\/p>\n<p>Justement il est temps de faire le point sur nos d\u00e9sirs, ceux qui nous apporterons un jour du plaisir. Pourquoi\u00a0: parce qu\u2019ils nous permettront de mobiliser nos ressources\u00a0:\u00a0\ud83d\ude0a le d\u00e9sir est le moteur de nos actions.<\/p>\n<p>Pour aller plus loin\u00a0:<\/p>\n<p><strong><span style=\"color: #3366ff;\">La motivation\u00a0est une force \u00e9gocentr\u00e9e<\/span>\u00a0<\/strong>: cela signifie qu\u2019on ne peut pas motiver quelqu\u2019un qui n\u2019en aura pas le d\u00e9sir. En revanche on peut favoriser l\u2019accueil et la qualit\u00e9 de l\u2019environnement, et chacun peut agir en ce sens.<\/p>\n<p><em>L\u2019entraide<\/em> : \u00ab\u00a0notre cerveau raffole d\u2019\u00e9quit\u00e9, d\u2019inclusion et de r\u00e9ciprocit\u00e9\u00a0\u00bb. \u2639 Donc la relation dominant-e-s \/ domin\u00e9-e-s ainsi que la coercition ne lui conviennent pas du tout.<\/p>\n<p><em>L\u2019optimisme<\/em>\u00a0: se reconnecter avec nos d\u00e9sirs profonds nous permet de cultiver notre optimisme pour agir sur un futur ensoleill\u00e9 avec pour objectif le plaisir et la joie.<\/p>\n<p><span style=\"color: #3366ff;\"><strong>Quel est votre moteur\u00a0? Qu\u2019est-ce qui vous fait lever le matin\u00a0?<\/strong><\/span><\/p>\n<p>Le cerveau a un besoin d\u2019appartenance. De ce fait, n\u2019h\u00e9sitez pas\u00a0:<\/p>\n<ul>\n<li>\u00e0 faire <strong>du r\u00e9seau<\/strong> pour vous relier \u00e0 vos groupes de pairs<\/li>\n<li>\u00e0 assister \u00e0 des conf\u00e9rences pour conserver votre employabilit\u00e9<\/li>\n<li>\u00e0 rester connect\u00e9s \u00e0 votre march\u00e9<\/li>\n<li>enfin \u00e0 adh\u00e9rer \u00e0 des associations comme Dynamique Cadres afin d\u2019\u00e9changer avec des cadres dans votre situation.<\/li>\n<\/ul>\n<p>Pour conclure, il est important d\u2019int\u00e9grer la notion de cerveau neuro-amical. Notre cerveau fait 400 grammes en moyenne de plus ce que celui de nos anc\u00eatres. Ce sont des milliards de circuits neuronaux construits depuis des mill\u00e9naires afin de nous mettre \u00e0 la place des autres, de les comprendre.<\/p>\n<p><img loading=\"lazy\" decoding=\"async\" class=\"aligncenter wp-image-1090\" src=\"https:\/\/adqcghyr.preview.infomaniak.website\/wordpress\/wp-content\/uploads\/2020\/01\/cerveau.jpg\" alt=\"\" width=\"559\" height=\"384\" srcset=\"https:\/\/adqcghyr.preview.infomaniak.website\/wordpress\/wp-content\/uploads\/2020\/01\/cerveau.jpg 770w, https:\/\/adqcghyr.preview.infomaniak.website\/wordpress\/wp-content\/uploads\/2020\/01\/cerveau-300x206.jpg 300w, https:\/\/adqcghyr.preview.infomaniak.website\/wordpress\/wp-content\/uploads\/2020\/01\/cerveau-768x528.jpg 768w\" sizes=\"auto, (max-width: 559px) 100vw, 559px\" \/><\/p>\n<p>L\u2019anglais dit \u00ab care for others \u00bb, donc prenons soin des autres ; plus on s\u2019entoure de personnes en r\u00e9sonnance avec nos d\u00e9sirs et plus on met en place un environnement propice \u00e0 notre \u00e9panouissement.<\/p>\n<p style=\"text-align: right;\"><em><span style=\"color: #3366ff;\"><strong>Le GAD 13<\/strong><\/span><\/em><\/p>\n<p><em>Merci Monsieur Pierre-Marie Lledo (Directeur du laboratoire G\u00e8nes et Conscience et directeur du laboratoire perception et m\u00e9moire \u00e0 l\u2019Institut pasteur et au CNRS, auteur de plusieurs livres et conf\u00e9rencier) pour son partage sur ses d\u00e9couvertes qui nous ont largement inspir\u00e9es l\u2019\u00e9criture de cet article qui nous l\u2019esp\u00e9rons sera lu par le plus grand nombre<\/em><\/p>\n","protected":false},"excerpt":{"rendered":"<p>En nous inspirant notamment d\u2019une conf\u00e9rence donn\u00e9e par Monsieur Pierre-Marie Lledo invit\u00e9 par le cabinet de management de transition Wayden (en r\u00e9f \u00e0 la fin de cet article), nous souhaitons aujourd\u2019hui partager avec vous les enseignements transmis \u00e0 partir des neurosciences. Ce n\u2019est pas le hasard si nous avons 2 oreilles mais une seule bouche, <a href=\"https:\/\/dynamique-cadres.org\/wordpress\/400-grammes-de-cerveau-dedie-au-lien-social-et-a-lempathie\/\" rel=\"nofollow\"><span class=\"sr-only\">En savoir plus sur400 grammes de cerveau d\u00e9di\u00e9 au lien social et \u00e0 l\u2019empathie<\/span>[&hellip;]<\/a><\/p>\n","protected":false},"author":1,"featured_media":1094,"comment_status":"open","ping_status":"open","sticky":false,"template":"","format":"standard","meta":{"_monsterinsights_skip_tracking":false,"_monsterinsights_sitenote_active":false,"_monsterinsights_sitenote_note":"","_monsterinsights_sitenote_category":0,"footnotes":""},"categories":[3],"tags":[120,123,121,127,84,122,126,125,124],"class_list":["post-1088","post","type-post","status-publish","format-standard","has-post-thumbnail","hentry","category-lettre_dynamique","tag-cerveau","tag-changement","tag-empathie","tag-lien-social","tag-motivation","tag-neurones","tag-prendre-du-recul","tag-reseau","tag-temps-de-vie"],"yoast_head":"<!-- This site is optimized with the Yoast SEO plugin v27.5 - https:\/\/yoast.com\/product\/yoast-seo-wordpress\/ -->\n<title>400 grammes de cerveau d\u00e9di\u00e9 au lien social et \u00e0 l\u2019empathie - Dynamique Cadres<\/title>\n<meta name=\"description\" content=\"L&#039;association faite par pour les cadres en transition professionnelle en les rendant proactifs au sein d&#039;une organisation stimulante bas\u00e9e sur le partage des apports de chacun.\" \/>\n<meta name=\"robots\" content=\"index, follow, max-snippet:-1, max-image-preview:large, max-video-preview:-1\" \/>\n<link rel=\"canonical\" href=\"https:\/\/dynamique-cadres.org\/wordpress\/400-grammes-de-cerveau-dedie-au-lien-social-et-a-lempathie\/\" \/>\n<meta property=\"og:locale\" content=\"fr_FR\" \/>\n<meta property=\"og:type\" content=\"article\" \/>\n<meta property=\"og:title\" content=\"400 grammes de cerveau d\u00e9di\u00e9 au lien social et \u00e0 l\u2019empathie - Dynamique Cadres\" \/>\n<meta property=\"og:description\" content=\"L&#039;association faite par pour les cadres en transition professionnelle en les rendant proactifs au sein d&#039;une organisation stimulante bas\u00e9e sur le partage des apports de chacun.\" \/>\n<meta property=\"og:url\" content=\"https:\/\/dynamique-cadres.org\/wordpress\/400-grammes-de-cerveau-dedie-au-lien-social-et-a-lempathie\/\" \/>\n<meta property=\"og:site_name\" content=\"Dynamique Cadres\" \/>\n<meta property=\"article:publisher\" content=\"https:\/\/www.facebook.com\/profile.php?id=100011741796467\" \/>\n<meta property=\"article:published_time\" content=\"2020-01-08T23:25:17+00:00\" \/>\n<meta property=\"og:image\" content=\"https:\/\/adqcghyr.preview.infomaniak.website\/wordpress\/wp-content\/uploads\/2020\/01\/creveau_empathie.png\" \/>\n\t<meta property=\"og:image:width\" content=\"631\" \/>\n\t<meta property=\"og:image:height\" content=\"480\" \/>\n\t<meta property=\"og:image:type\" content=\"image\/png\" \/>\n<meta name=\"author\" content=\"Administrateur\" \/>\n<meta name=\"twitter:card\" content=\"summary_large_image\" \/>\n<meta name=\"twitter:creator\" content=\"@Dynamiquecadres\" \/>\n<meta name=\"twitter:site\" content=\"@Dynamiquecadres\" \/>\n<meta name=\"twitter:label1\" content=\"\u00c9crit par\" \/>\n\t<meta name=\"twitter:data1\" content=\"Administrateur\" \/>\n\t<meta name=\"twitter:label2\" content=\"Dur\u00e9e de lecture estim\u00e9e\" \/>\n\t<meta name=\"twitter:data2\" content=\"4 minutes\" \/>\n<script type=\"application\/ld+json\" class=\"yoast-schema-graph\">{\"@context\":\"https:\\\/\\\/schema.org\",\"@graph\":[{\"@type\":\"Article\",\"@id\":\"https:\\\/\\\/dynamique-cadres.org\\\/wordpress\\\/400-grammes-de-cerveau-dedie-au-lien-social-et-a-lempathie\\\/#article\",\"isPartOf\":{\"@id\":\"https:\\\/\\\/dynamique-cadres.org\\\/wordpress\\\/400-grammes-de-cerveau-dedie-au-lien-social-et-a-lempathie\\\/\"},\"author\":{\"name\":\"Administrateur\",\"@id\":\"https:\\\/\\\/dynamique-cadres.org\\\/wordpress\\\/#\\\/schema\\\/person\\\/d8bc28761a7583d4869ae9f803b566a7\"},\"headline\":\"400 grammes de cerveau d\u00e9di\u00e9 au lien social et \u00e0 l\u2019empathie\",\"datePublished\":\"2020-01-08T23:25:17+00:00\",\"mainEntityOfPage\":{\"@id\":\"https:\\\/\\\/dynamique-cadres.org\\\/wordpress\\\/400-grammes-de-cerveau-dedie-au-lien-social-et-a-lempathie\\\/\"},\"wordCount\":847,\"commentCount\":0,\"publisher\":{\"@id\":\"https:\\\/\\\/dynamique-cadres.org\\\/wordpress\\\/#organization\"},\"image\":{\"@id\":\"https:\\\/\\\/dynamique-cadres.org\\\/wordpress\\\/400-grammes-de-cerveau-dedie-au-lien-social-et-a-lempathie\\\/#primaryimage\"},\"thumbnailUrl\":\"https:\\\/\\\/adqcghyr.preview.infomaniak.website\\\/wordpress\\\/wp-content\\\/uploads\\\/2020\\\/01\\\/creveau_empathie.png\",\"keywords\":[\"cerveau\",\"changement\",\"empathie\",\"lien social\",\"motivation\",\"neurones\",\"prendre du recul\",\"r\u00e9seau\",\"temps de vie\"],\"articleSection\":[\"Lettre Dynamique\"],\"inLanguage\":\"fr-FR\",\"potentialAction\":[{\"@type\":\"CommentAction\",\"name\":\"Comment\",\"target\":[\"https:\\\/\\\/dynamique-cadres.org\\\/wordpress\\\/400-grammes-de-cerveau-dedie-au-lien-social-et-a-lempathie\\\/#respond\"]}]},{\"@type\":\"WebPage\",\"@id\":\"https:\\\/\\\/dynamique-cadres.org\\\/wordpress\\\/400-grammes-de-cerveau-dedie-au-lien-social-et-a-lempathie\\\/\",\"url\":\"https:\\\/\\\/dynamique-cadres.org\\\/wordpress\\\/400-grammes-de-cerveau-dedie-au-lien-social-et-a-lempathie\\\/\",\"name\":\"400 grammes de cerveau d\u00e9di\u00e9 au lien social et \u00e0 l\u2019empathie - Dynamique Cadres\",\"isPartOf\":{\"@id\":\"https:\\\/\\\/dynamique-cadres.org\\\/wordpress\\\/#website\"},\"primaryImageOfPage\":{\"@id\":\"https:\\\/\\\/dynamique-cadres.org\\\/wordpress\\\/400-grammes-de-cerveau-dedie-au-lien-social-et-a-lempathie\\\/#primaryimage\"},\"image\":{\"@id\":\"https:\\\/\\\/dynamique-cadres.org\\\/wordpress\\\/400-grammes-de-cerveau-dedie-au-lien-social-et-a-lempathie\\\/#primaryimage\"},\"thumbnailUrl\":\"https:\\\/\\\/adqcghyr.preview.infomaniak.website\\\/wordpress\\\/wp-content\\\/uploads\\\/2020\\\/01\\\/creveau_empathie.png\",\"datePublished\":\"2020-01-08T23:25:17+00:00\",\"description\":\"L'association faite par pour les cadres en transition professionnelle en les rendant proactifs au sein d'une organisation stimulante bas\u00e9e sur le partage des apports de chacun.\",\"breadcrumb\":{\"@id\":\"https:\\\/\\\/dynamique-cadres.org\\\/wordpress\\\/400-grammes-de-cerveau-dedie-au-lien-social-et-a-lempathie\\\/#breadcrumb\"},\"inLanguage\":\"fr-FR\",\"potentialAction\":[{\"@type\":\"ReadAction\",\"target\":[\"https:\\\/\\\/dynamique-cadres.org\\\/wordpress\\\/400-grammes-de-cerveau-dedie-au-lien-social-et-a-lempathie\\\/\"]}]},{\"@type\":\"ImageObject\",\"inLanguage\":\"fr-FR\",\"@id\":\"https:\\\/\\\/dynamique-cadres.org\\\/wordpress\\\/400-grammes-de-cerveau-dedie-au-lien-social-et-a-lempathie\\\/#primaryimage\",\"url\":\"https:\\\/\\\/adqcghyr.preview.infomaniak.website\\\/wordpress\\\/wp-content\\\/uploads\\\/2020\\\/01\\\/creveau_empathie.png\",\"contentUrl\":\"https:\\\/\\\/adqcghyr.preview.infomaniak.website\\\/wordpress\\\/wp-content\\\/uploads\\\/2020\\\/01\\\/creveau_empathie.png\",\"width\":631,\"height\":480},{\"@type\":\"BreadcrumbList\",\"@id\":\"https:\\\/\\\/dynamique-cadres.org\\\/wordpress\\\/400-grammes-de-cerveau-dedie-au-lien-social-et-a-lempathie\\\/#breadcrumb\",\"itemListElement\":[{\"@type\":\"ListItem\",\"position\":1,\"name\":\"Accueil\",\"item\":\"https:\\\/\\\/dynamique-cadres.org\\\/wordpress\\\/\"},{\"@type\":\"ListItem\",\"position\":2,\"name\":\"400 grammes de cerveau d\u00e9di\u00e9 au lien social et \u00e0 l\u2019empathie\"}]},{\"@type\":\"WebSite\",\"@id\":\"https:\\\/\\\/dynamique-cadres.org\\\/wordpress\\\/#website\",\"url\":\"https:\\\/\\\/dynamique-cadres.org\\\/wordpress\\\/\",\"name\":\"Dynamique Cadres\",\"description\":\"L&#039;association qui dynamise les cadres !\",\"publisher\":{\"@id\":\"https:\\\/\\\/dynamique-cadres.org\\\/wordpress\\\/#organization\"},\"potentialAction\":[{\"@type\":\"SearchAction\",\"target\":{\"@type\":\"EntryPoint\",\"urlTemplate\":\"https:\\\/\\\/dynamique-cadres.org\\\/wordpress\\\/?s={search_term_string}\"},\"query-input\":{\"@type\":\"PropertyValueSpecification\",\"valueRequired\":true,\"valueName\":\"search_term_string\"}}],\"inLanguage\":\"fr-FR\"},{\"@type\":\"Organization\",\"@id\":\"https:\\\/\\\/dynamique-cadres.org\\\/wordpress\\\/#organization\",\"name\":\"Dynamique Cadres\",\"url\":\"https:\\\/\\\/dynamique-cadres.org\\\/wordpress\\\/\",\"logo\":{\"@type\":\"ImageObject\",\"inLanguage\":\"fr-FR\",\"@id\":\"https:\\\/\\\/dynamique-cadres.org\\\/wordpress\\\/#\\\/schema\\\/logo\\\/image\\\/\",\"url\":\"https:\\\/\\\/adqcghyr.preview.infomaniak.website\\\/wordpress\\\/wp-content\\\/uploads\\\/2017\\\/04\\\/LOGO-hd.png\",\"contentUrl\":\"https:\\\/\\\/adqcghyr.preview.infomaniak.website\\\/wordpress\\\/wp-content\\\/uploads\\\/2017\\\/04\\\/LOGO-hd.png\",\"width\":2157,\"height\":579,\"caption\":\"Dynamique Cadres\"},\"image\":{\"@id\":\"https:\\\/\\\/dynamique-cadres.org\\\/wordpress\\\/#\\\/schema\\\/logo\\\/image\\\/\"},\"sameAs\":[\"https:\\\/\\\/www.facebook.com\\\/profile.php?id=100011741796467\",\"https:\\\/\\\/x.com\\\/Dynamiquecadres\",\"https:\\\/\\\/www.linkedin.com\\\/company-beta\\\/592628\\\/\"]},{\"@type\":\"Person\",\"@id\":\"https:\\\/\\\/dynamique-cadres.org\\\/wordpress\\\/#\\\/schema\\\/person\\\/d8bc28761a7583d4869ae9f803b566a7\",\"name\":\"Administrateur\",\"image\":{\"@type\":\"ImageObject\",\"inLanguage\":\"fr-FR\",\"@id\":\"https:\\\/\\\/secure.gravatar.com\\\/avatar\\\/60da60f22ad8a5d282b2e3e2c3fbd830cd65b8522e6b97a697fe74eccd670294?s=96&d=mm&r=g\",\"url\":\"https:\\\/\\\/secure.gravatar.com\\\/avatar\\\/60da60f22ad8a5d282b2e3e2c3fbd830cd65b8522e6b97a697fe74eccd670294?s=96&d=mm&r=g\",\"contentUrl\":\"https:\\\/\\\/secure.gravatar.com\\\/avatar\\\/60da60f22ad8a5d282b2e3e2c3fbd830cd65b8522e6b97a697fe74eccd670294?s=96&d=mm&r=g\",\"caption\":\"Administrateur\"},\"url\":\"https:\\\/\\\/dynamique-cadres.org\\\/wordpress\\\/author\\\/adqc_wordpress\\\/\"}]}<\/script>\n<!-- \/ Yoast SEO plugin. -->","yoast_head_json":{"title":"400 grammes de cerveau d\u00e9di\u00e9 au lien social et \u00e0 l\u2019empathie - Dynamique Cadres","description":"L'association faite par pour les cadres en transition professionnelle en les rendant proactifs au sein d'une organisation stimulante bas\u00e9e sur le partage des apports de chacun.","robots":{"index":"index","follow":"follow","max-snippet":"max-snippet:-1","max-image-preview":"max-image-preview:large","max-video-preview":"max-video-preview:-1"},"canonical":"https:\/\/dynamique-cadres.org\/wordpress\/400-grammes-de-cerveau-dedie-au-lien-social-et-a-lempathie\/","og_locale":"fr_FR","og_type":"article","og_title":"400 grammes de cerveau d\u00e9di\u00e9 au lien social et \u00e0 l\u2019empathie - Dynamique Cadres","og_description":"L'association faite par pour les cadres en transition professionnelle en les rendant proactifs au sein d'une organisation stimulante bas\u00e9e sur le partage des apports de chacun.","og_url":"https:\/\/dynamique-cadres.org\/wordpress\/400-grammes-de-cerveau-dedie-au-lien-social-et-a-lempathie\/","og_site_name":"Dynamique Cadres","article_publisher":"https:\/\/www.facebook.com\/profile.php?id=100011741796467","article_published_time":"2020-01-08T23:25:17+00:00","og_image":[{"width":631,"height":480,"url":"https:\/\/adqcghyr.preview.infomaniak.website\/wordpress\/wp-content\/uploads\/2020\/01\/creveau_empathie.png","type":"image\/png"}],"author":"Administrateur","twitter_card":"summary_large_image","twitter_creator":"@Dynamiquecadres","twitter_site":"@Dynamiquecadres","twitter_misc":{"\u00c9crit par":"Administrateur","Dur\u00e9e de lecture estim\u00e9e":"4 minutes"},"schema":{"@context":"https:\/\/schema.org","@graph":[{"@type":"Article","@id":"https:\/\/dynamique-cadres.org\/wordpress\/400-grammes-de-cerveau-dedie-au-lien-social-et-a-lempathie\/#article","isPartOf":{"@id":"https:\/\/dynamique-cadres.org\/wordpress\/400-grammes-de-cerveau-dedie-au-lien-social-et-a-lempathie\/"},"author":{"name":"Administrateur","@id":"https:\/\/dynamique-cadres.org\/wordpress\/#\/schema\/person\/d8bc28761a7583d4869ae9f803b566a7"},"headline":"400 grammes de cerveau d\u00e9di\u00e9 au lien social et \u00e0 l\u2019empathie","datePublished":"2020-01-08T23:25:17+00:00","mainEntityOfPage":{"@id":"https:\/\/dynamique-cadres.org\/wordpress\/400-grammes-de-cerveau-dedie-au-lien-social-et-a-lempathie\/"},"wordCount":847,"commentCount":0,"publisher":{"@id":"https:\/\/dynamique-cadres.org\/wordpress\/#organization"},"image":{"@id":"https:\/\/dynamique-cadres.org\/wordpress\/400-grammes-de-cerveau-dedie-au-lien-social-et-a-lempathie\/#primaryimage"},"thumbnailUrl":"https:\/\/adqcghyr.preview.infomaniak.website\/wordpress\/wp-content\/uploads\/2020\/01\/creveau_empathie.png","keywords":["cerveau","changement","empathie","lien social","motivation","neurones","prendre du recul","r\u00e9seau","temps de vie"],"articleSection":["Lettre Dynamique"],"inLanguage":"fr-FR","potentialAction":[{"@type":"CommentAction","name":"Comment","target":["https:\/\/dynamique-cadres.org\/wordpress\/400-grammes-de-cerveau-dedie-au-lien-social-et-a-lempathie\/#respond"]}]},{"@type":"WebPage","@id":"https:\/\/dynamique-cadres.org\/wordpress\/400-grammes-de-cerveau-dedie-au-lien-social-et-a-lempathie\/","url":"https:\/\/dynamique-cadres.org\/wordpress\/400-grammes-de-cerveau-dedie-au-lien-social-et-a-lempathie\/","name":"400 grammes de cerveau d\u00e9di\u00e9 au lien social et \u00e0 l\u2019empathie - Dynamique Cadres","isPartOf":{"@id":"https:\/\/dynamique-cadres.org\/wordpress\/#website"},"primaryImageOfPage":{"@id":"https:\/\/dynamique-cadres.org\/wordpress\/400-grammes-de-cerveau-dedie-au-lien-social-et-a-lempathie\/#primaryimage"},"image":{"@id":"https:\/\/dynamique-cadres.org\/wordpress\/400-grammes-de-cerveau-dedie-au-lien-social-et-a-lempathie\/#primaryimage"},"thumbnailUrl":"https:\/\/adqcghyr.preview.infomaniak.website\/wordpress\/wp-content\/uploads\/2020\/01\/creveau_empathie.png","datePublished":"2020-01-08T23:25:17+00:00","description":"L'association faite par pour les cadres en transition professionnelle en les rendant proactifs au sein d'une organisation stimulante bas\u00e9e sur le partage des apports de chacun.","breadcrumb":{"@id":"https:\/\/dynamique-cadres.org\/wordpress\/400-grammes-de-cerveau-dedie-au-lien-social-et-a-lempathie\/#breadcrumb"},"inLanguage":"fr-FR","potentialAction":[{"@type":"ReadAction","target":["https:\/\/dynamique-cadres.org\/wordpress\/400-grammes-de-cerveau-dedie-au-lien-social-et-a-lempathie\/"]}]},{"@type":"ImageObject","inLanguage":"fr-FR","@id":"https:\/\/dynamique-cadres.org\/wordpress\/400-grammes-de-cerveau-dedie-au-lien-social-et-a-lempathie\/#primaryimage","url":"https:\/\/adqcghyr.preview.infomaniak.website\/wordpress\/wp-content\/uploads\/2020\/01\/creveau_empathie.png","contentUrl":"https:\/\/adqcghyr.preview.infomaniak.website\/wordpress\/wp-content\/uploads\/2020\/01\/creveau_empathie.png","width":631,"height":480},{"@type":"BreadcrumbList","@id":"https:\/\/dynamique-cadres.org\/wordpress\/400-grammes-de-cerveau-dedie-au-lien-social-et-a-lempathie\/#breadcrumb","itemListElement":[{"@type":"ListItem","position":1,"name":"Accueil","item":"https:\/\/dynamique-cadres.org\/wordpress\/"},{"@type":"ListItem","position":2,"name":"400 grammes de cerveau d\u00e9di\u00e9 au lien social et \u00e0 l\u2019empathie"}]},{"@type":"WebSite","@id":"https:\/\/dynamique-cadres.org\/wordpress\/#website","url":"https:\/\/dynamique-cadres.org\/wordpress\/","name":"Dynamique Cadres","description":"L&#039;association qui dynamise les cadres !","publisher":{"@id":"https:\/\/dynamique-cadres.org\/wordpress\/#organization"},"potentialAction":[{"@type":"SearchAction","target":{"@type":"EntryPoint","urlTemplate":"https:\/\/dynamique-cadres.org\/wordpress\/?s={search_term_string}"},"query-input":{"@type":"PropertyValueSpecification","valueRequired":true,"valueName":"search_term_string"}}],"inLanguage":"fr-FR"},{"@type":"Organization","@id":"https:\/\/dynamique-cadres.org\/wordpress\/#organization","name":"Dynamique Cadres","url":"https:\/\/dynamique-cadres.org\/wordpress\/","logo":{"@type":"ImageObject","inLanguage":"fr-FR","@id":"https:\/\/dynamique-cadres.org\/wordpress\/#\/schema\/logo\/image\/","url":"https:\/\/adqcghyr.preview.infomaniak.website\/wordpress\/wp-content\/uploads\/2017\/04\/LOGO-hd.png","contentUrl":"https:\/\/adqcghyr.preview.infomaniak.website\/wordpress\/wp-content\/uploads\/2017\/04\/LOGO-hd.png","width":2157,"height":579,"caption":"Dynamique Cadres"},"image":{"@id":"https:\/\/dynamique-cadres.org\/wordpress\/#\/schema\/logo\/image\/"},"sameAs":["https:\/\/www.facebook.com\/profile.php?id=100011741796467","https:\/\/x.com\/Dynamiquecadres","https:\/\/www.linkedin.com\/company-beta\/592628\/"]},{"@type":"Person","@id":"https:\/\/dynamique-cadres.org\/wordpress\/#\/schema\/person\/d8bc28761a7583d4869ae9f803b566a7","name":"Administrateur","image":{"@type":"ImageObject","inLanguage":"fr-FR","@id":"https:\/\/secure.gravatar.com\/avatar\/60da60f22ad8a5d282b2e3e2c3fbd830cd65b8522e6b97a697fe74eccd670294?s=96&d=mm&r=g","url":"https:\/\/secure.gravatar.com\/avatar\/60da60f22ad8a5d282b2e3e2c3fbd830cd65b8522e6b97a697fe74eccd670294?s=96&d=mm&r=g","contentUrl":"https:\/\/secure.gravatar.com\/avatar\/60da60f22ad8a5d282b2e3e2c3fbd830cd65b8522e6b97a697fe74eccd670294?s=96&d=mm&r=g","caption":"Administrateur"},"url":"https:\/\/dynamique-cadres.org\/wordpress\/author\/adqc_wordpress\/"}]}},"_links":{"self":[{"href":"https:\/\/dynamique-cadres.org\/wordpress\/wp-json\/wp\/v2\/posts\/1088","targetHints":{"allow":["GET"]}}],"collection":[{"href":"https:\/\/dynamique-cadres.org\/wordpress\/wp-json\/wp\/v2\/posts"}],"about":[{"href":"https:\/\/dynamique-cadres.org\/wordpress\/wp-json\/wp\/v2\/types\/post"}],"author":[{"embeddable":true,"href":"https:\/\/dynamique-cadres.org\/wordpress\/wp-json\/wp\/v2\/users\/1"}],"replies":[{"embeddable":true,"href":"https:\/\/dynamique-cadres.org\/wordpress\/wp-json\/wp\/v2\/comments?post=1088"}],"version-history":[{"count":3,"href":"https:\/\/dynamique-cadres.org\/wordpress\/wp-json\/wp\/v2\/posts\/1088\/revisions"}],"predecessor-version":[{"id":1093,"href":"https:\/\/dynamique-cadres.org\/wordpress\/wp-json\/wp\/v2\/posts\/1088\/revisions\/1093"}],"wp:featuredmedia":[{"embeddable":true,"href":"https:\/\/dynamique-cadres.org\/wordpress\/wp-json\/wp\/v2\/media\/1094"}],"wp:attachment":[{"href":"https:\/\/dynamique-cadres.org\/wordpress\/wp-json\/wp\/v2\/media?parent=1088"}],"wp:term":[{"taxonomy":"category","embeddable":true,"href":"https:\/\/dynamique-cadres.org\/wordpress\/wp-json\/wp\/v2\/categories?post=1088"},{"taxonomy":"post_tag","embeddable":true,"href":"https:\/\/dynamique-cadres.org\/wordpress\/wp-json\/wp\/v2\/tags?post=1088"}],"curies":[{"name":"wp","href":"https:\/\/api.w.org\/{rel}","templated":true}]}}