{"id":1277,"date":"2021-01-13T16:19:04","date_gmt":"2021-01-13T15:19:04","guid":{"rendered":"https:\/\/dynamique-cadres.org\/wordpress\/?p=1277"},"modified":"2021-01-13T16:19:04","modified_gmt":"2021-01-13T15:19:04","slug":"confinement-maintenir-ses-contacts","status":"publish","type":"post","link":"https:\/\/dynamique-cadres.org\/wordpress\/confinement-maintenir-ses-contacts\/","title":{"rendered":"Confinement: Maintenir ses contacts"},"content":{"rendered":"<p><strong><span style=\"color: #0000ff;\">En cette p\u00e9riode de confinement, il est indispensable de maintenir ses contacts. Mais comment faire lorsque l\u2019on est habitu\u00e9 \u00e0 des rencontres physiques ?<\/span><\/strong><\/p>\n<p>Quelle que soit la situation, il est primordial de continuer \u00e0 travailler son r\u00e9seau, et donc de bien conserver en t\u00eate son fonctionnement et ses principes.<br \/>\nAlors, comment passer du r\u00e9seau pr\u00e9sentiel au r\u00e9seau \u00e0 distance ?<br \/>\nTout d\u2019abord que faire du r\u00e9seau n\u2019est pas un trait de caract\u00e8re ou de personnalit\u00e9. R\u00e9seauter est une comp\u00e9tence professionnelle qui va s\u2019acqu\u00e9rir par la r\u00e9p\u00e9tition. Il est donc primordial dans la recherche d\u2019emploi.<br \/>\nSe lancer dans le r\u00e9seautage n\u2019est pas toujours ais\u00e9, et bien s\u00fbr la situation actuelle n\u2019aide pas.<br \/>\nPour ceux qui n\u2019aiment pas \u00ab demander \u00bb, nous vous proposons de reprendre le processus ce qui vous permettra de prendre conscience que le r\u00e9seau facilite la recherche d\u2019emploi.<\/p>\n<ol>\n<li><strong><span style=\"color: #0000ff;\">Notre vision du r\u00e9seau<\/span><\/strong><br \/>\nLe r\u00e9seau c\u2019est avant tout de l\u2019\u00e9change, du conseil et de l\u2019entraide.<br \/>\nLe r\u00e9seau c\u2019est aller vers son environnement et son march\u00e9, continuer \u00e0 travailler sur son projet<br \/>\n\u201cJe suis quelqu\u2019un, j\u2019ai des comp\u00e9tences et de la valeur, j\u2019ai un projet professionnel, je vais aller rencontrer des contacts identifi\u00e9s sur le march\u00e9 que je vise pour \u00e9changer avec des pairs, r\u00e9colter des informations, et qui sait o\u00f9 ces \u00e9changes me m\u00e8neront \u2026\u201d<br \/>\nVotre contact r\u00e9seau est un facilitateur (pas forc\u00e9ment un d\u00e9cisionnaire). Il convient de continuer \u00e0 \u00e9changer avec lui au fil de l\u2019eau. Il s\u2019agit aussi de donner pour recevoir. R\u00e9seauter, c\u2019est cr\u00e9er du lien, dans la recherche d\u2019emploi, c\u2019est chercher de l\u2019information et \u00e9chan- ger sur ses savoir-faire et comp\u00e9tences.<br \/>\nCette d\u00e9marche est souvent tr\u00e8s positive \u00e0 court, moyen et long terme, puisque les personnes que nous avons aid\u00e9es sans forc\u00e9ment demander un retour nous soutiendront plus facilement le moment venu.<br \/>\n<img loading=\"lazy\" decoding=\"async\" class=\"aligncenter size-full wp-image-1278\" src=\"https:\/\/adqcghyr.preview.infomaniak.website\/wordpress\/wp-content\/uploads\/2021\/01\/note.png\" alt=\"\" width=\"611\" height=\"127\" srcset=\"https:\/\/adqcghyr.preview.infomaniak.website\/wordpress\/wp-content\/uploads\/2021\/01\/note.png 611w, https:\/\/adqcghyr.preview.infomaniak.website\/wordpress\/wp-content\/uploads\/2021\/01\/note-300x62.png 300w\" sizes=\"auto, (max-width: 611px) 100vw, 611px\" \/><\/li>\n<li><strong><span style=\"color: #0000ff;\">Passer \u00e0 l&rsquo;action<\/span><\/strong><br \/>\nSachant qu\u2019il existe autant d\u2019auteurs sp\u00e9cialis\u00e9s que de publications, nous vous proposons quelques rappels pour vous accompagner dans votre d\u00e9marche r\u00e9seau \u00e0 distance.<br \/>\nLe r\u00e9seau, c\u2019est qui : vos amis, votre famille mais aussi vos anciens coll\u00e8gues, vos camarades de promo, vos cercles (connus ou cibl\u00e9s), et c\u2019est aussi Dynamique Cadres.<\/li>\n<\/ol>\n<p><strong><span style=\"color: #0000ff;\">Tricoter les fils de nos contacts utiles pour rester en lien, cr\u00e9er ou prolonger notre r\u00e9seau<\/span><\/strong><\/p>\n<ul>\n<li>Vigilance : les proches tels que la famille et les amis intimes sont parfois des personnes qui en toute bienveillance pourront parfois \u201cpenser pour vous\u201d.<\/li>\n<li>Par-del\u00e0 votre carnet d\u2019adresses, n\u2019h\u00e9sitez pas \u00e0 analyser tous vos r\u00e9seaux sociaux (LinkedIn, Facebook, Twitter, Instagram, Haystack\u2026).<\/li>\n<li>Il s\u2019agit de s\u2019adapter \u00e0 l\u2019environnement des contacts qui vous int\u00e9ressent. Certaines personnes sont pr\u00e9sentes sur les r\u00e9seaux mais ne sont pas actives donc n\u2019h\u00e9sitez pas \u00e0 chercher d\u2019autres canaux pour les relancer, sans pour autant insister.<\/li>\n<li>Bien g\u00e9rer la non-r\u00e9ponse et donc la frustration : nous ne sommes pas dans la vie de nos interlocuteurs. Accepter que des personnes n\u2019aient rien \u00e0 proposer ou h\u00e9sitent \u00e0 pr\u00e9senter des personnes.<\/li>\n<\/ul>\n<p><strong><span style=\"color: #0000ff;\">D\u00e9finir et suivre des personnes qui nous int\u00e9ressent particuli\u00e8rement. Soyez curieux !<\/span><\/strong><\/p>\n<ul>\n<li>Vos sources d&rsquo;informations : r\u00e9seaux sociaux, newsletters professionnelles, salons virtuels, sites corporate, webinars &#8230;<\/li>\n<li>Ces groupes, par exemple sur LinkedIn, permettent de contacter des professionnels, de suivre le fil des actualit\u00e9s et \u00e9v\u00e9nements de notre secteur et m\u00e9tier,<\/li>\n<li>Pour cela voir les publications de la personne, les news de son entreprise, rebondir si c\u2019est son anniversaire professionnel, identifier un sujet d&rsquo;int\u00e9r\u00eat commun, &#8230;<\/li>\n<li>Notre recommandation : s\u2019int\u00e9resser \u00e0 la personne cibl\u00e9e avant de parler de soi. S&rsquo;int\u00e9resser \u00e0 la personne ind\u00e9pendamment de son propre besoin.<\/li>\n<\/ul>\n<p><strong><span style=\"color: #0000ff;\">Pr\u00e9parez-vous !<\/span><\/strong><\/p>\n<ul>\n<li><span style=\"color: #0000ff;\">Soigner notre pr\u00e9sence sur les r\u00e9seaux<\/span> : contacts, communication, profil et offre de services. Attention \u00e0 la qualit\u00e9 du profil LinkedIn par exemple : rigueur et pas de faute d\u2019orthographe, notamment.<\/li>\n<li><span style=\"color: #0000ff;\">Nos outils informatiques<\/span> : Attention \u00e0 votre mat\u00e9riel : v\u00e9rifiez votre micro et votre cam\u00e9ra &#8230; GoogleMeet, Zoom, Skype\u2026 sont nos alli\u00e9s,<\/li>\n<li><span style=\"color: #0000ff;\">Notre discours<\/span> : Ayez un projet clair, indispensable avant d\u2019attaquer le r\u00e9seau. (Utiliser la m\u00e9thode QQQOCCP, Qui Quoi Quand O\u00f9 Comment Combien Pourquoi). N\u2019h\u00e9sitez pas \u00e0 valider votre pitch aupr\u00e8s de votre GAD.<\/li>\n<\/ul>\n<p><strong>A noter<\/strong> : sachez que les outils \u00e0 distance peuvent \u00eatre intrusifs. Pr\u00e9parez-vous comme pour un entretien physique : tenue et maquillage inclus. Soignez votre arri\u00e8re-plan.<\/p>\n<p><strong><span style=\"color: #0000ff;\">La cam\u00e9ra voit tout. Au t\u00e9l\u00e9phone tout s\u2019entend, m\u00eame votre sourire&#8230;<\/span><\/strong><\/p>\n<p><em>Mon chat se balade derri\u00e8re moi : \u00e7a peut donner de l\u2019humanit\u00e9 \u00e0 mon environnement \ud83d\ude09<\/em><br \/>\nNe vous auto censurez pas.<br \/>\nOuvrez le plus de portes possibles Lancez-vous et bient\u00f4t vous serez \u00e0 l\u2019aise. Bon rendez-vous \u00e0 tous \ud83d\ude42<\/p>\n<p><span style=\"color: #0000ff;\">Dernier \u00e9dito du GAD 13, qui se s\u00e9pare en deux pour accueillir de nouveaux membres.<\/span><\/p>\n<h3 style=\"text-align: right;\"><em><span style=\"color: #0000ff;\"><strong>Le GAD 13<\/strong><\/span><\/em><\/h3>\n","protected":false},"excerpt":{"rendered":"<p>En cette p\u00e9riode de confinement, il est indispensable de maintenir ses contacts. Mais comment faire lorsque l\u2019on est habitu\u00e9 \u00e0 des rencontres physiques ? Quelle que soit la situation, il est primordial de continuer \u00e0 travailler son r\u00e9seau, et donc de bien conserver en t\u00eate son fonctionnement et ses principes. Alors, comment passer du r\u00e9seau <a href=\"https:\/\/dynamique-cadres.org\/wordpress\/confinement-maintenir-ses-contacts\/\" rel=\"nofollow\"><span class=\"sr-only\">En savoir plus surConfinement: Maintenir ses contacts<\/span>[&hellip;]<\/a><\/p>\n","protected":false},"author":1,"featured_media":1279,"comment_status":"open","ping_status":"open","sticky":false,"template":"","format":"standard","meta":{"_monsterinsights_skip_tracking":false,"_monsterinsights_sitenote_active":false,"_monsterinsights_sitenote_note":"","_monsterinsights_sitenote_category":0,"footnotes":""},"categories":[3],"tags":[136,8,210,211,207,208,212,213,209],"class_list":["post-1277","post","type-post","status-publish","format-standard","has-post-thumbnail","hentry","category-lettre_dynamique","tag-confinement","tag-reseaux-sociaux","tag-sinformer","tag-siogner-sa-presence-sur-les-reseaux","tag-travailler-son-reseau","tag-visio-conference","tag-vos-outils","tag-votre-discours","tag-webinars"],"yoast_head":"<!-- This site is optimized with the Yoast SEO plugin v27.5 - https:\/\/yoast.com\/product\/yoast-seo-wordpress\/ -->\n<title>Confinement: Maintenir ses contacts - Dynamique Cadres<\/title>\n<meta name=\"description\" content=\"L&#039;association faite par pour les cadres en transition professionnelle en les rendant proactifs au sein d&#039;une organisation stimulante bas\u00e9e sur le partage des apports de chacun.\" \/>\n<meta name=\"robots\" content=\"index, follow, max-snippet:-1, max-image-preview:large, max-video-preview:-1\" \/>\n<link rel=\"canonical\" href=\"https:\/\/dynamique-cadres.org\/wordpress\/confinement-maintenir-ses-contacts\/\" \/>\n<meta property=\"og:locale\" content=\"fr_FR\" \/>\n<meta property=\"og:type\" content=\"article\" \/>\n<meta property=\"og:title\" content=\"Confinement: Maintenir ses contacts - Dynamique Cadres\" \/>\n<meta property=\"og:description\" content=\"L&#039;association faite par pour les cadres en transition professionnelle en les rendant proactifs au sein d&#039;une organisation stimulante bas\u00e9e sur le partage des apports de chacun.\" \/>\n<meta property=\"og:url\" content=\"https:\/\/dynamique-cadres.org\/wordpress\/confinement-maintenir-ses-contacts\/\" \/>\n<meta property=\"og:site_name\" content=\"Dynamique Cadres\" \/>\n<meta property=\"article:publisher\" content=\"https:\/\/www.facebook.com\/profile.php?id=100011741796467\" \/>\n<meta property=\"article:published_time\" content=\"2021-01-13T15:19:04+00:00\" \/>\n<meta property=\"og:image\" content=\"https:\/\/adqcghyr.preview.infomaniak.website\/wordpress\/wp-content\/uploads\/2021\/01\/reseaux.png\" \/>\n\t<meta property=\"og:image:width\" content=\"445\" \/>\n\t<meta property=\"og:image:height\" content=\"298\" \/>\n\t<meta property=\"og:image:type\" content=\"image\/png\" \/>\n<meta name=\"author\" content=\"Administrateur\" \/>\n<meta name=\"twitter:card\" content=\"summary_large_image\" \/>\n<meta name=\"twitter:creator\" content=\"@Dynamiquecadres\" \/>\n<meta name=\"twitter:site\" content=\"@Dynamiquecadres\" \/>\n<meta name=\"twitter:label1\" content=\"\u00c9crit par\" \/>\n\t<meta name=\"twitter:data1\" content=\"Administrateur\" \/>\n\t<meta name=\"twitter:label2\" content=\"Dur\u00e9e de lecture estim\u00e9e\" \/>\n\t<meta name=\"twitter:data2\" content=\"4 minutes\" \/>\n<script type=\"application\/ld+json\" class=\"yoast-schema-graph\">{\"@context\":\"https:\\\/\\\/schema.org\",\"@graph\":[{\"@type\":\"Article\",\"@id\":\"https:\\\/\\\/dynamique-cadres.org\\\/wordpress\\\/confinement-maintenir-ses-contacts\\\/#article\",\"isPartOf\":{\"@id\":\"https:\\\/\\\/dynamique-cadres.org\\\/wordpress\\\/confinement-maintenir-ses-contacts\\\/\"},\"author\":{\"name\":\"Administrateur\",\"@id\":\"https:\\\/\\\/dynamique-cadres.org\\\/wordpress\\\/#\\\/schema\\\/person\\\/d8bc28761a7583d4869ae9f803b566a7\"},\"headline\":\"Confinement: Maintenir ses contacts\",\"datePublished\":\"2021-01-13T15:19:04+00:00\",\"mainEntityOfPage\":{\"@id\":\"https:\\\/\\\/dynamique-cadres.org\\\/wordpress\\\/confinement-maintenir-ses-contacts\\\/\"},\"wordCount\":847,\"commentCount\":0,\"publisher\":{\"@id\":\"https:\\\/\\\/dynamique-cadres.org\\\/wordpress\\\/#organization\"},\"image\":{\"@id\":\"https:\\\/\\\/dynamique-cadres.org\\\/wordpress\\\/confinement-maintenir-ses-contacts\\\/#primaryimage\"},\"thumbnailUrl\":\"https:\\\/\\\/adqcghyr.preview.infomaniak.website\\\/wordpress\\\/wp-content\\\/uploads\\\/2021\\\/01\\\/reseaux.png\",\"keywords\":[\"confinement\",\"r\u00e9seaux sociaux\",\"s'informer\",\"siogner sa pr\u00e9sence sur les r\u00e9seaux\",\"travailler son r\u00e9seau\",\"visio-conf\u00e9rence\",\"vos outils\",\"votre discours\",\"webinars\"],\"articleSection\":[\"Lettre Dynamique\"],\"inLanguage\":\"fr-FR\",\"potentialAction\":[{\"@type\":\"CommentAction\",\"name\":\"Comment\",\"target\":[\"https:\\\/\\\/dynamique-cadres.org\\\/wordpress\\\/confinement-maintenir-ses-contacts\\\/#respond\"]}]},{\"@type\":\"WebPage\",\"@id\":\"https:\\\/\\\/dynamique-cadres.org\\\/wordpress\\\/confinement-maintenir-ses-contacts\\\/\",\"url\":\"https:\\\/\\\/dynamique-cadres.org\\\/wordpress\\\/confinement-maintenir-ses-contacts\\\/\",\"name\":\"Confinement: Maintenir ses contacts - Dynamique Cadres\",\"isPartOf\":{\"@id\":\"https:\\\/\\\/dynamique-cadres.org\\\/wordpress\\\/#website\"},\"primaryImageOfPage\":{\"@id\":\"https:\\\/\\\/dynamique-cadres.org\\\/wordpress\\\/confinement-maintenir-ses-contacts\\\/#primaryimage\"},\"image\":{\"@id\":\"https:\\\/\\\/dynamique-cadres.org\\\/wordpress\\\/confinement-maintenir-ses-contacts\\\/#primaryimage\"},\"thumbnailUrl\":\"https:\\\/\\\/adqcghyr.preview.infomaniak.website\\\/wordpress\\\/wp-content\\\/uploads\\\/2021\\\/01\\\/reseaux.png\",\"datePublished\":\"2021-01-13T15:19:04+00:00\",\"description\":\"L'association faite par pour les cadres en transition professionnelle en les rendant proactifs au sein d'une organisation stimulante bas\u00e9e sur le partage des apports de chacun.\",\"breadcrumb\":{\"@id\":\"https:\\\/\\\/dynamique-cadres.org\\\/wordpress\\\/confinement-maintenir-ses-contacts\\\/#breadcrumb\"},\"inLanguage\":\"fr-FR\",\"potentialAction\":[{\"@type\":\"ReadAction\",\"target\":[\"https:\\\/\\\/dynamique-cadres.org\\\/wordpress\\\/confinement-maintenir-ses-contacts\\\/\"]}]},{\"@type\":\"ImageObject\",\"inLanguage\":\"fr-FR\",\"@id\":\"https:\\\/\\\/dynamique-cadres.org\\\/wordpress\\\/confinement-maintenir-ses-contacts\\\/#primaryimage\",\"url\":\"https:\\\/\\\/adqcghyr.preview.infomaniak.website\\\/wordpress\\\/wp-content\\\/uploads\\\/2021\\\/01\\\/reseaux.png\",\"contentUrl\":\"https:\\\/\\\/adqcghyr.preview.infomaniak.website\\\/wordpress\\\/wp-content\\\/uploads\\\/2021\\\/01\\\/reseaux.png\",\"width\":445,\"height\":298},{\"@type\":\"BreadcrumbList\",\"@id\":\"https:\\\/\\\/dynamique-cadres.org\\\/wordpress\\\/confinement-maintenir-ses-contacts\\\/#breadcrumb\",\"itemListElement\":[{\"@type\":\"ListItem\",\"position\":1,\"name\":\"Accueil\",\"item\":\"https:\\\/\\\/dynamique-cadres.org\\\/wordpress\\\/\"},{\"@type\":\"ListItem\",\"position\":2,\"name\":\"Confinement: Maintenir ses contacts\"}]},{\"@type\":\"WebSite\",\"@id\":\"https:\\\/\\\/dynamique-cadres.org\\\/wordpress\\\/#website\",\"url\":\"https:\\\/\\\/dynamique-cadres.org\\\/wordpress\\\/\",\"name\":\"Dynamique Cadres\",\"description\":\"L&#039;association qui dynamise les cadres !\",\"publisher\":{\"@id\":\"https:\\\/\\\/dynamique-cadres.org\\\/wordpress\\\/#organization\"},\"potentialAction\":[{\"@type\":\"SearchAction\",\"target\":{\"@type\":\"EntryPoint\",\"urlTemplate\":\"https:\\\/\\\/dynamique-cadres.org\\\/wordpress\\\/?s={search_term_string}\"},\"query-input\":{\"@type\":\"PropertyValueSpecification\",\"valueRequired\":true,\"valueName\":\"search_term_string\"}}],\"inLanguage\":\"fr-FR\"},{\"@type\":\"Organization\",\"@id\":\"https:\\\/\\\/dynamique-cadres.org\\\/wordpress\\\/#organization\",\"name\":\"Dynamique Cadres\",\"url\":\"https:\\\/\\\/dynamique-cadres.org\\\/wordpress\\\/\",\"logo\":{\"@type\":\"ImageObject\",\"inLanguage\":\"fr-FR\",\"@id\":\"https:\\\/\\\/dynamique-cadres.org\\\/wordpress\\\/#\\\/schema\\\/logo\\\/image\\\/\",\"url\":\"https:\\\/\\\/adqcghyr.preview.infomaniak.website\\\/wordpress\\\/wp-content\\\/uploads\\\/2017\\\/04\\\/LOGO-hd.png\",\"contentUrl\":\"https:\\\/\\\/adqcghyr.preview.infomaniak.website\\\/wordpress\\\/wp-content\\\/uploads\\\/2017\\\/04\\\/LOGO-hd.png\",\"width\":2157,\"height\":579,\"caption\":\"Dynamique Cadres\"},\"image\":{\"@id\":\"https:\\\/\\\/dynamique-cadres.org\\\/wordpress\\\/#\\\/schema\\\/logo\\\/image\\\/\"},\"sameAs\":[\"https:\\\/\\\/www.facebook.com\\\/profile.php?id=100011741796467\",\"https:\\\/\\\/x.com\\\/Dynamiquecadres\",\"https:\\\/\\\/www.linkedin.com\\\/company-beta\\\/592628\\\/\"]},{\"@type\":\"Person\",\"@id\":\"https:\\\/\\\/dynamique-cadres.org\\\/wordpress\\\/#\\\/schema\\\/person\\\/d8bc28761a7583d4869ae9f803b566a7\",\"name\":\"Administrateur\",\"image\":{\"@type\":\"ImageObject\",\"inLanguage\":\"fr-FR\",\"@id\":\"https:\\\/\\\/secure.gravatar.com\\\/avatar\\\/60da60f22ad8a5d282b2e3e2c3fbd830cd65b8522e6b97a697fe74eccd670294?s=96&d=mm&r=g\",\"url\":\"https:\\\/\\\/secure.gravatar.com\\\/avatar\\\/60da60f22ad8a5d282b2e3e2c3fbd830cd65b8522e6b97a697fe74eccd670294?s=96&d=mm&r=g\",\"contentUrl\":\"https:\\\/\\\/secure.gravatar.com\\\/avatar\\\/60da60f22ad8a5d282b2e3e2c3fbd830cd65b8522e6b97a697fe74eccd670294?s=96&d=mm&r=g\",\"caption\":\"Administrateur\"},\"url\":\"https:\\\/\\\/dynamique-cadres.org\\\/wordpress\\\/author\\\/adqc_wordpress\\\/\"}]}<\/script>\n<!-- \/ Yoast SEO plugin. -->","yoast_head_json":{"title":"Confinement: Maintenir ses contacts - Dynamique Cadres","description":"L'association faite par pour les cadres en transition professionnelle en les rendant proactifs au sein d'une organisation stimulante bas\u00e9e sur le partage des apports de chacun.","robots":{"index":"index","follow":"follow","max-snippet":"max-snippet:-1","max-image-preview":"max-image-preview:large","max-video-preview":"max-video-preview:-1"},"canonical":"https:\/\/dynamique-cadres.org\/wordpress\/confinement-maintenir-ses-contacts\/","og_locale":"fr_FR","og_type":"article","og_title":"Confinement: Maintenir ses contacts - Dynamique Cadres","og_description":"L'association faite par pour les cadres en transition professionnelle en les rendant proactifs au sein d'une organisation stimulante bas\u00e9e sur le partage des apports de chacun.","og_url":"https:\/\/dynamique-cadres.org\/wordpress\/confinement-maintenir-ses-contacts\/","og_site_name":"Dynamique Cadres","article_publisher":"https:\/\/www.facebook.com\/profile.php?id=100011741796467","article_published_time":"2021-01-13T15:19:04+00:00","og_image":[{"width":445,"height":298,"url":"https:\/\/adqcghyr.preview.infomaniak.website\/wordpress\/wp-content\/uploads\/2021\/01\/reseaux.png","type":"image\/png"}],"author":"Administrateur","twitter_card":"summary_large_image","twitter_creator":"@Dynamiquecadres","twitter_site":"@Dynamiquecadres","twitter_misc":{"\u00c9crit par":"Administrateur","Dur\u00e9e de lecture estim\u00e9e":"4 minutes"},"schema":{"@context":"https:\/\/schema.org","@graph":[{"@type":"Article","@id":"https:\/\/dynamique-cadres.org\/wordpress\/confinement-maintenir-ses-contacts\/#article","isPartOf":{"@id":"https:\/\/dynamique-cadres.org\/wordpress\/confinement-maintenir-ses-contacts\/"},"author":{"name":"Administrateur","@id":"https:\/\/dynamique-cadres.org\/wordpress\/#\/schema\/person\/d8bc28761a7583d4869ae9f803b566a7"},"headline":"Confinement: Maintenir ses contacts","datePublished":"2021-01-13T15:19:04+00:00","mainEntityOfPage":{"@id":"https:\/\/dynamique-cadres.org\/wordpress\/confinement-maintenir-ses-contacts\/"},"wordCount":847,"commentCount":0,"publisher":{"@id":"https:\/\/dynamique-cadres.org\/wordpress\/#organization"},"image":{"@id":"https:\/\/dynamique-cadres.org\/wordpress\/confinement-maintenir-ses-contacts\/#primaryimage"},"thumbnailUrl":"https:\/\/adqcghyr.preview.infomaniak.website\/wordpress\/wp-content\/uploads\/2021\/01\/reseaux.png","keywords":["confinement","r\u00e9seaux sociaux","s'informer","siogner sa pr\u00e9sence sur les r\u00e9seaux","travailler son r\u00e9seau","visio-conf\u00e9rence","vos outils","votre discours","webinars"],"articleSection":["Lettre Dynamique"],"inLanguage":"fr-FR","potentialAction":[{"@type":"CommentAction","name":"Comment","target":["https:\/\/dynamique-cadres.org\/wordpress\/confinement-maintenir-ses-contacts\/#respond"]}]},{"@type":"WebPage","@id":"https:\/\/dynamique-cadres.org\/wordpress\/confinement-maintenir-ses-contacts\/","url":"https:\/\/dynamique-cadres.org\/wordpress\/confinement-maintenir-ses-contacts\/","name":"Confinement: Maintenir ses contacts - Dynamique Cadres","isPartOf":{"@id":"https:\/\/dynamique-cadres.org\/wordpress\/#website"},"primaryImageOfPage":{"@id":"https:\/\/dynamique-cadres.org\/wordpress\/confinement-maintenir-ses-contacts\/#primaryimage"},"image":{"@id":"https:\/\/dynamique-cadres.org\/wordpress\/confinement-maintenir-ses-contacts\/#primaryimage"},"thumbnailUrl":"https:\/\/adqcghyr.preview.infomaniak.website\/wordpress\/wp-content\/uploads\/2021\/01\/reseaux.png","datePublished":"2021-01-13T15:19:04+00:00","description":"L'association faite par pour les cadres en transition professionnelle en les rendant proactifs au sein d'une organisation stimulante bas\u00e9e sur le partage des apports de chacun.","breadcrumb":{"@id":"https:\/\/dynamique-cadres.org\/wordpress\/confinement-maintenir-ses-contacts\/#breadcrumb"},"inLanguage":"fr-FR","potentialAction":[{"@type":"ReadAction","target":["https:\/\/dynamique-cadres.org\/wordpress\/confinement-maintenir-ses-contacts\/"]}]},{"@type":"ImageObject","inLanguage":"fr-FR","@id":"https:\/\/dynamique-cadres.org\/wordpress\/confinement-maintenir-ses-contacts\/#primaryimage","url":"https:\/\/adqcghyr.preview.infomaniak.website\/wordpress\/wp-content\/uploads\/2021\/01\/reseaux.png","contentUrl":"https:\/\/adqcghyr.preview.infomaniak.website\/wordpress\/wp-content\/uploads\/2021\/01\/reseaux.png","width":445,"height":298},{"@type":"BreadcrumbList","@id":"https:\/\/dynamique-cadres.org\/wordpress\/confinement-maintenir-ses-contacts\/#breadcrumb","itemListElement":[{"@type":"ListItem","position":1,"name":"Accueil","item":"https:\/\/dynamique-cadres.org\/wordpress\/"},{"@type":"ListItem","position":2,"name":"Confinement: Maintenir ses contacts"}]},{"@type":"WebSite","@id":"https:\/\/dynamique-cadres.org\/wordpress\/#website","url":"https:\/\/dynamique-cadres.org\/wordpress\/","name":"Dynamique Cadres","description":"L&#039;association qui dynamise les cadres !","publisher":{"@id":"https:\/\/dynamique-cadres.org\/wordpress\/#organization"},"potentialAction":[{"@type":"SearchAction","target":{"@type":"EntryPoint","urlTemplate":"https:\/\/dynamique-cadres.org\/wordpress\/?s={search_term_string}"},"query-input":{"@type":"PropertyValueSpecification","valueRequired":true,"valueName":"search_term_string"}}],"inLanguage":"fr-FR"},{"@type":"Organization","@id":"https:\/\/dynamique-cadres.org\/wordpress\/#organization","name":"Dynamique Cadres","url":"https:\/\/dynamique-cadres.org\/wordpress\/","logo":{"@type":"ImageObject","inLanguage":"fr-FR","@id":"https:\/\/dynamique-cadres.org\/wordpress\/#\/schema\/logo\/image\/","url":"https:\/\/adqcghyr.preview.infomaniak.website\/wordpress\/wp-content\/uploads\/2017\/04\/LOGO-hd.png","contentUrl":"https:\/\/adqcghyr.preview.infomaniak.website\/wordpress\/wp-content\/uploads\/2017\/04\/LOGO-hd.png","width":2157,"height":579,"caption":"Dynamique Cadres"},"image":{"@id":"https:\/\/dynamique-cadres.org\/wordpress\/#\/schema\/logo\/image\/"},"sameAs":["https:\/\/www.facebook.com\/profile.php?id=100011741796467","https:\/\/x.com\/Dynamiquecadres","https:\/\/www.linkedin.com\/company-beta\/592628\/"]},{"@type":"Person","@id":"https:\/\/dynamique-cadres.org\/wordpress\/#\/schema\/person\/d8bc28761a7583d4869ae9f803b566a7","name":"Administrateur","image":{"@type":"ImageObject","inLanguage":"fr-FR","@id":"https:\/\/secure.gravatar.com\/avatar\/60da60f22ad8a5d282b2e3e2c3fbd830cd65b8522e6b97a697fe74eccd670294?s=96&d=mm&r=g","url":"https:\/\/secure.gravatar.com\/avatar\/60da60f22ad8a5d282b2e3e2c3fbd830cd65b8522e6b97a697fe74eccd670294?s=96&d=mm&r=g","contentUrl":"https:\/\/secure.gravatar.com\/avatar\/60da60f22ad8a5d282b2e3e2c3fbd830cd65b8522e6b97a697fe74eccd670294?s=96&d=mm&r=g","caption":"Administrateur"},"url":"https:\/\/dynamique-cadres.org\/wordpress\/author\/adqc_wordpress\/"}]}},"_links":{"self":[{"href":"https:\/\/dynamique-cadres.org\/wordpress\/wp-json\/wp\/v2\/posts\/1277","targetHints":{"allow":["GET"]}}],"collection":[{"href":"https:\/\/dynamique-cadres.org\/wordpress\/wp-json\/wp\/v2\/posts"}],"about":[{"href":"https:\/\/dynamique-cadres.org\/wordpress\/wp-json\/wp\/v2\/types\/post"}],"author":[{"embeddable":true,"href":"https:\/\/dynamique-cadres.org\/wordpress\/wp-json\/wp\/v2\/users\/1"}],"replies":[{"embeddable":true,"href":"https:\/\/dynamique-cadres.org\/wordpress\/wp-json\/wp\/v2\/comments?post=1277"}],"version-history":[{"count":1,"href":"https:\/\/dynamique-cadres.org\/wordpress\/wp-json\/wp\/v2\/posts\/1277\/revisions"}],"predecessor-version":[{"id":1280,"href":"https:\/\/dynamique-cadres.org\/wordpress\/wp-json\/wp\/v2\/posts\/1277\/revisions\/1280"}],"wp:featuredmedia":[{"embeddable":true,"href":"https:\/\/dynamique-cadres.org\/wordpress\/wp-json\/wp\/v2\/media\/1279"}],"wp:attachment":[{"href":"https:\/\/dynamique-cadres.org\/wordpress\/wp-json\/wp\/v2\/media?parent=1277"}],"wp:term":[{"taxonomy":"category","embeddable":true,"href":"https:\/\/dynamique-cadres.org\/wordpress\/wp-json\/wp\/v2\/categories?post=1277"},{"taxonomy":"post_tag","embeddable":true,"href":"https:\/\/dynamique-cadres.org\/wordpress\/wp-json\/wp\/v2\/tags?post=1277"}],"curies":[{"name":"wp","href":"https:\/\/api.w.org\/{rel}","templated":true}]}}