{"id":3555,"date":"2025-12-11T11:47:23","date_gmt":"2025-12-11T10:47:23","guid":{"rendered":"https:\/\/dynamique-cadres.org\/wordpress\/?p=3555"},"modified":"2025-12-11T12:31:31","modified_gmt":"2025-12-11T11:31:31","slug":"les-evenements-de-networking-et-comment-en-tirer-parti","status":"publish","type":"post","link":"https:\/\/dynamique-cadres.org\/wordpress\/les-evenements-de-networking-et-comment-en-tirer-parti\/","title":{"rendered":"Les \u00e9v\u00e9nements de networking et comment en tirer parti."},"content":{"rendered":"<p>Dans une recherche d\u2019emploi, les \u00e9v\u00e9nements de networking jouent un r\u00f4le cl\u00e9. Ils existent sous de nombreux formats &#8211; salons, conf\u00e9rences, ateliers, forums, jobs dating, afterworks &#8211; organis\u00e9s aussi bien par des entreprises que par des \u00e9coles, des associations professionnelles, des r\u00e9seaux d\u2019alumni ou des institutions comme les CCI.<\/p>\n<p>Certains sont totalement ouverts, d\u2019autres payants, sur invitation ou bas\u00e9s sur la cooptation. Cette diversit\u00e9 peut rendre l\u2019\u00e9cosyst\u00e8me difficile \u00e0 lire pour les candidats. Toutefois, elle offre de r\u00e9elles opportunit\u00e9s : rencontrer des recruteurs, \u00e9changer avec des professionnels du secteur, acc\u00e9der au march\u00e9 cach\u00e9 ou obtenir des informations pr\u00e9cieuses sur les entreprises et leurs besoins.<br \/>\nDans cet \u00e9dito, nous explorons les principaux types d\u2019\u00e9v\u00e9nements de networking, leurs sp\u00e9cificit\u00e9s, et la mani\u00e8re d\u2019en tirer pleinement profit.<\/p>\n<h3><strong><span style=\"color: #3366ff;\">1. Les principaux types d\u2019\u00e9v\u00e9nements :<\/span><\/strong><\/h3>\n<p><strong><span style=\"color: #3366ff;\">1.1. Les \u00e9v\u00e9nements orient\u00e9s recrutement<\/span><\/strong><\/p>\n<p><span style=\"color: #3366ff;\">Salons de l\u2019emploi : pour s\u2019ouvrir \u00e0 de multiples possibilit\u00e9s<\/span><\/p>\n<p>Incontournables, ces grands \u00e9v\u00e9nements g\u00e9n\u00e9ralistes ou sp\u00e9cialis\u00e9s rassemblent un large panel d\u2019entreprises, d\u2019organismes de formation et parfois d\u2019institutions publiques. Ils permettent aux entreprises de se rendre visibles, de communiquer sur leur marque employeur et de recruter \u00e0 grande \u00e9chelle.<\/p>\n<ul>\n<li><u>Int\u00e9r\u00eat pour le candidat<\/u> : opportunit\u00e9 de rencontrer de nombreux employeurs en une journ\u00e9e, de d\u00e9couvrir des secteurs vari\u00e9s, d\u2019assister \u00e0 des conf\u00e9rences ou ateliers.<\/li>\n<li><u>Style<\/u> : tr\u00e8s ouvert, parfois impersonnel, mais utile pour \u00e9largir son r\u00e9seau et rep\u00e9rer des opportunit\u00e9s.<\/li>\n<\/ul>\n<p><span style=\"color: #3366ff;\">Forums de l\u2019emploi : pour se concentrer sur un secteur.<\/span><\/p>\n<p>Plus cibl\u00e9s et th\u00e9matiques que les salons de l\u2019emploi, ils peuvent \u00eatre organis\u00e9s par des \u00e9coles, universit\u00e9s, associations et branches professionnelles ou collectivit\u00e9s. Ils r\u00e9unissent des entreprises en lien avec un secteur pr\u00e9cis (ex. forum de l\u2019emploi dans le num\u00e9rique, forum des m\u00e9tiers de l\u2019h\u00f4tellerie, semaine de l\u2019industrie), dont les<br \/>\nrecruteurs peuvent entrer en relation directe avec un vivier de candidats correspondant \u00e0 un domaine ou \u00e0 une sp\u00e9cialit\u00e9.<\/p>\n<ul>\n<li><u>Int\u00e9r\u00eat pour le candidat<\/u> : meilleure ad\u00e9quation entre profil et offres, \u00e9changes plus qualitatifs que dans un salon g\u00e9n\u00e9raliste.<\/li>\n<li><u>Style<\/u> : dimension p\u00e9dagogique et networking renforc\u00e9, parfois avec conf\u00e9rences m\u00e9tiers ou tables rondes.<\/li>\n<\/ul>\n<p><span style=\"color: #3366ff;\">Jobs dating : pour maximiser ses chances d\u2019embauche imm\u00e9diate<\/span><\/p>\n<p>Th\u00e9matiques ou non, ils permettent \u00e0 des candidats pr\u00e9s\u00e9lectionn\u00e9s ou volontaires d\u2019\u00e9changer directement avec des recruteurs ayant des postes ouverts. Entretiens courts (10\u201315 minutes) permettant d\u2019\u00e9valuer rapidement l\u2019ad\u00e9quation d\u2019un profil \u00e0 un poste et d\u2019acc\u00e9l\u00e9rer le processus de recrutement.<\/p>\n<ul>\n<li><u>Int\u00e9r\u00eat pour le candidat<\/u> : acc\u00e8s \u00e0 des opportunit\u00e9s concr\u00e8tes, mais exercice de concision et d\u2019impact. N\u00e9cessite une pr\u00e9paration solide (pitch clair, CV cibl\u00e9).<\/li>\n<li><u>Style<\/u> : dynamique, direct, orient\u00e9 vers une embauche rapide.<\/li>\n<\/ul>\n<p><span style=\"color: #3366ff;\"><strong>1.2. Les \u00e9v\u00e9nements orient\u00e9s secteur\/m\u00e9tier<\/strong><\/span><\/p>\n<p><span style=\"color: #3366ff;\">Salons professionnels : pour se tenir inform\u00e9 de l\u2019actualit\u00e9<\/span><\/p>\n<p>Ces \u00e9v\u00e9nements sectoriels (ex. salon de l\u2019h\u00f4tellerie, du luxe, du tourisme, du num\u00e9rique) regroupent des entreprises, des fournisseurs, des partenaires et parfois des institutions, autour d\u2019un objectif commun de d\u00e9veloppement d\u2019affaires, de mise en valeur des innovations, mais \u00e9galement de rep\u00e9rage de talents.<\/p>\n<ul>\n<li><u>Int\u00e9r\u00eat pour le candidat<\/u> : opportunit\u00e9 de recueillir des informations sur des entreprises cibles (projets et besoins futurs), de rencontrer des d\u00e9cideurs hors cadre du recrutement, d\u2019identifier des contacts pour des envois de candidatures spontan\u00e9es, de se positionner comme expert.<\/li>\n<li><u>Style<\/u> : networking indirect, bas\u00e9 sur la cr\u00e9dibilit\u00e9 et la connaissance du secteur.<\/li>\n<\/ul>\n<p><span style=\"color: #3366ff;\">\u00c9v\u00e9nements des CCI (Chambres de Commerce et d\u2019Industrie) : pour acc\u00e9der au tissu \u00e9conomique local<\/span><\/p>\n<p>Elles organisent des rencontres business, conf\u00e9rences \u00e9conomiques, ateliers pratiques, speed meetings\u2026 auxquelles peuvent participent des entrepreneurs, des dirigeants, des recruteurs et des acteurs institutionnels. Leur objectif est de dynamiser l\u2019\u00e9conomie locale, de favoriser les partenariats et les embauches.<\/p>\n<ul>\n<li><u>Int\u00e9r\u00eat pour le candidat<\/u> : acc\u00e8s direct \u00e0 des dirigeants de PME\/ETI, souvent hors des circuits classiques de recrutement.<\/li>\n<li><u>Style<\/u> : networking institutionnel, cr\u00e9dibilit\u00e9 renforc\u00e9e par le cadre officiel.<\/li>\n<\/ul>\n<p><span style=\"color: #3366ff;\">Journ\u00e9es Portes Ouvertes : pour d\u00e9couvrir une entreprise \u00ab in situ \u00bb<\/span><\/p>\n<p>Pr\u00e9sentation institutionnelle, visite guid\u00e9e de ses locaux, d\u00e9monstration de ses produits ou services, \u00e9changes informels avec les collaborateurs (RH, managers, op\u00e9rationnels), la journ\u00e9e \u00ab portes ouvertes \u00bb permet \u00e0 l\u2019entreprise de valoriser son image aupr\u00e8s de potentielles recrues et partenaires, de faire d\u00e9couvrir ses m\u00e9tiers et<br \/>\nde partager sa culture interne.<\/p>\n<ul>\n<li><u>Int\u00e9r\u00eat pour le candidat<\/u> : exp\u00e9rimenter l\u2019environnement de travail et l\u2019ambiance, identifier des besoins et opportunit\u00e9s, poser des questions concr\u00e8tes, se rendre visible.<\/li>\n<li><u>Style<\/u> : immersif et convivial, favorisant les \u00e9changes spontan\u00e9s.<\/li>\n<\/ul>\n<p><span style=\"color: #3366ff;\">Ateliers, conf\u00e9rences th\u00e9matiques &amp; tables rondes sp\u00e9cialis\u00e9es : pour d\u00e9velopper comp\u00e9tences et visibilit\u00e9<\/span><\/p>\n<p>Ces \u00e9v\u00e9nements th\u00e9matiques sous forme de sessions cibl\u00e9es (formations, panels, conf\u00e9rences m\u00e9tiers ou transversales) r\u00e9unissent des experts, des professionnels, des recruteurs en veille, des candidats int\u00e9ress\u00e9s autour d\u2019un objectif de partage de savoir, de mont\u00e9e en comp\u00e9tence et d\u2019\u00e9change de bonnes pratiques.<\/p>\n<ul>\n<li><u>Int\u00e9r\u00eat pour le candidat<\/u> : se positionner comme professionnel engag\u00e9, poser des questions pertinentes, cr\u00e9er des liens avec des intervenants ou participants<\/li>\n<li><u>Style<\/u> : networking qualitatif, bas\u00e9 sur l\u2019\u00e9change intellectuel et la valeur ajout\u00e9e.<\/li>\n<\/ul>\n<p><strong><span style=\"color: #3366ff;\">1.3. Les \u00e9v\u00e9nements orient\u00e9s appartenance et entraide<\/span><\/strong><\/p>\n<p><span style=\"color: #3366ff;\">\u00c9v\u00e9nements des associations professionnelles : pour \u00e9changer avec ses pairs<\/span><\/p>\n<p>Cr\u00e9\u00e9es pour la communication, le partage et l\u2019entraide entre professionnels (cadres, consultants, experts) \u00e0 titre individuel, elles peuvent \u00eatre locales, nationales ou internationales. Leur mission est de favoriser le d\u00e9veloppement des comp\u00e9tences, cr\u00e9er des r\u00e9seaux de pairs, organiser des \u00e9v\u00e9nements (conf\u00e9rences, ateliers, afterworks).<\/p>\n<ul>\n<li><u>Int\u00e9r\u00eat pour le candidat<\/u> : acc\u00e8s \u00e0 des projets collectifs, \u00e0 des recommandations, \u00e0 des opportunit\u00e9s par le bouche-\u00e0- oreille<\/li>\n<li><u>Style<\/u> : networking relationnel et collaboratif, bas\u00e9 sur l\u2019\u00e9change de pratiques, la solidarit\u00e9 et la visibilit\u00e9 individuelle.<\/li>\n<\/ul>\n<p><span style=\"color: #3366ff;\">\u00c9v\u00e9nements des associations d\u2019alumni : pour s\u2019appuyer sur le r\u00e9seau<\/span><\/p>\n<p>Ces communaut\u00e9s d\u2019anciens \u00e9l\u00e8ves de tous \u00e2ges et niveaux de carri\u00e8re d\u2019une \u00e9cole, universit\u00e9 ou programme de formation ont pour mission de maintenir le lien entre les dipl\u00f4m\u00e9s, de favoriser l\u2019entraide, de d\u00e9velopper le r\u00e9seau professionnel et renforcer la notori\u00e9t\u00e9 de l\u2019institution. Elles peuvent organiser des conf\u00e9rences et tables rondes<br \/>\nd\u2019alumni exp\u00e9riment\u00e9s et d\u2019experts, des groupes th\u00e9matiques et sectoriels, des \u00e9v\u00e9nements culturels et conviviaux. A noter que certaines associations d\u2019alumni se regroupent dans des r\u00e9seaux (inter-\u00e9coles, sectoriels ou r\u00e9gionaux) ou dans des collectifs (Whats4U, France Alumni, IESF\u2026) qui ont leurs propres \u00e9v\u00e9nements.<\/p>\n<ul>\n<li><u>Int\u00e9r\u00eat pour le candidat<\/u> : renouer avec ses pairs, \u00e9largir son r\u00e9seau, renforcer sa cr\u00e9dibilit\u00e9, acc\u00e9der \u00e0 des opportunit\u00e9s via des recommandations et \u00e0 des offres internes souvent exclusives.<\/li>\n<li><u>Style<\/u> : networking relationnel, bas\u00e9 sur la confiance et l\u2019appartenance \u00e0 une m\u00eame communaut\u00e9.<\/li>\n<\/ul>\n<p><span style=\"color: #3366ff;\">Clubs d\u2019entreprise : pour des mises en relation tr\u00e8s cibl\u00e9es<\/span><\/p>\n<p>Ces r\u00e9seaux ferm\u00e9s ou semi-ouverts, locaux ou sectoriels, regroupent des dirigeants et cadres lors de rencontres r\u00e9guli\u00e8res (repas, soir\u00e9es, ateliers\u2026) souvent autour de th\u00e9matiques communes (innovation, export, RSE \u2026). Ils favorisent les \u00e9changes de pratiques, le d\u00e9veloppement de synergies, l\u2019entraide, ateliers\u2026) souvent autour de th\u00e9matiques communes (innovation, export, RSE\u2026). Ils favorisent les \u00e9changes de pratiques, le d\u00e9veloppement de synergies, l\u2019entraide.<\/p>\n<ul>\n<li><u>Int\u00e9r\u00eat pour le candidat<\/u> : opportunit\u00e9 rare d\u2019int\u00e9grer un cercle restreint de d\u00e9cideurs et d\u2019influenceurs, d\u2019identifier des opportunit\u00e9s, d\u2019\u00eatre recommand\u00e9 ou rep\u00e9r\u00e9.<\/li>\n<li><u>Style<\/u> : networking relationnel, bas\u00e9 sur la confiance et la r\u00e9gularit\u00e9 des interactions.<\/li>\n<\/ul>\n<h3><span style=\"color: #3366ff;\">2. La pr\u00e9paration :<\/span><\/h3>\n<p>Participer \u00e0 un salon, un job dating ou un \u00e9v\u00e9nement de networking est une formidable opportunit\u00e9 \u00e0 condition d\u2019y aller pr\u00e9parer. Pour que ces \u00e9changes soient r\u00e9ellement efficaces, il est n\u00e9cessaire d\u2019adopter une d\u00e9marche structur\u00e9e avant, pendant et apr\u00e8s l\u2019\u00e9v\u00e9nement. Voici quelques bonnes pratiques pour optimiser l\u2019impact des rencontres.<\/p>\n<p><span style=\"color: #3366ff;\">Avant l\u2019\u00e9v\u00e8nement : pr\u00e9parer, cibler, se rendre visible<\/span><\/p>\n<p>Avant l\u2019\u00e9v\u00e9nement, identifiez non seulement les entreprises pr\u00e9sentes, mais aussi les intervenants ou responsables de stands : charg\u00e9 de recrutement, managers op\u00e9rationnels, intervenants en conf\u00e9rence ou animateurs d\u2019ateliers &#8230; Rep\u00e9rez leur nom sur le site de l\u2019\u00e9v\u00e9nement ou sur LinkedIn, puis essayez d\u2019obtenir ou estimer leur adresse mail (par exemple pr\u00e9nom.nom@entreprise.fr) pour leur adresser un message les informant de votre passage sur leur stand.<\/p>\n<p>Aussi, quelques jours avant l\u2019\u00e9v\u00e9nement, postez sur LinkedIn votre intention d\u2019y participer, mentionnez la manifestation et identifiez les entreprises cibles \u2014 cela peut d\u00e9clencher un premier contact.<br \/>\nPr\u00e9parez plusieurs versions de votre CV (g\u00e9n\u00e9ral, secteur, entreprise) et un pitch d\u2019une minute orient\u00e9 r\u00e9sultats. Et pourquoi ne pas s\u2019aider aussi de l\u2019IA pour cette pr\u00e9paration ?<\/p>\n<p><span style=\"color: #3366ff;\">Pendant l\u2019\u00e9v\u00e9nement : \u00eatre professionnel, pertinent et proactif<\/span><\/p>\n<p>Sur place, l\u2019objectif est de transformer chaque \u00e9change en rencontre de qualit\u00e9. Le pitch ne doit pas \u00eatre g\u00e9n\u00e9rique : adaptez-le \u00e0 l\u2019\u00e9v\u00e9nement et au type d\u2019interlocuteur (ex : RH vs manager).<\/p>\n<p>Munissez-vous des outils ad\u00e9quats (ex : CV adapt\u00e9, carte de visite avec un QR code renvoyant vers votre profil LinkedIn ou portfolio).<\/p>\n<p>Au cours de l\u2019\u00e9change, pensez \u00e0 r\u00e9cup\u00e9rer les coordonn\u00e9es de votre interlocuteur.<\/p>\n<p>Apr\u00e8s chaque conversation, prenez une note rapide (nom, soci\u00e9t\u00e9, point cl\u00e9 abord\u00e9, relance \u00e0 pr\u00e9voir). Montrez enthousiasme, curiosit\u00e9, et posez des questions cibl\u00e9es ou<br \/>\ncommentez un projet r\u00e9cent de l\u2019entreprise pour laisser un souvenir positif.<\/p>\n<p><span style=\"color: #3366ff;\">Apr\u00e8s l\u2019\u00e9v\u00e9nement : consolider les liens et transformer l\u2019essai<\/span><\/p>\n<p>La phase post-\u00e9v\u00e8nement est d\u00e9cisive et trop souvent n\u00e9glig\u00e9e.<br \/>\nPour consolider les liens amorc\u00e9s lors de l\u2019\u00e9v\u00e8nement : envoyez un message personnalis\u00e9 dans les 24 \u00e0 48 h \u2013 sur LinkedIn ou par email &#8211; rappelant l\u2019\u00e9change remerciant l\u2019interlocuteur et proposant un \u00e9change compl\u00e9mentaire ou l\u2019envoi de pi\u00e8ces\/ supports ( CV, portfolio, vid\u00e9o pitch).<\/p>\n<p>En parall\u00e8le, publiez un post LinkedIn sur l\u2019\u00e9v\u00e9nement, mentionnez les entreprises ou intervenants rencontr\u00e9s, et utilisez cette visibilit\u00e9 pour relancer de fa\u00e7on subtile.<\/p>\n<p>Enfin, tenir \u00e0 jour un tableau de suivi des contacts et des relances permet \u00e9galement de structurer votre d\u00e9marche et d\u2019\u00e9viter qu\u2019une opportunit\u00e9 se perde.<\/p>\n<p><span style=\"color: #3366ff;\">Conclusion :<\/span><\/p>\n<p>Aujourd\u2019hui, une part essentielle des occasions professionnelles se joue dans les rencontres : celles que l\u2019on provoque, celles que l\u2019on entretient et celles que l\u2019on saisit. Ces rendez-vous constituent autant de portes d\u2019entr\u00e9e vers des entreprises, des recruteurs et des r\u00e9seaux susceptibles d\u2019aider dans une recherche d\u2019emploi. M\u00eame si cela ne garantit pas une embauche imm\u00e9diate, participer \u00e0 des \u00e9v\u00e9nements de networking repr\u00e9sente bien plus qu\u2019un exercice accessoire : c\u2019est un v\u00e9ritable investissement strat\u00e9gique.<\/p>\n<p>En adoptant une d\u00e9marche structur\u00e9e, le chercheur d\u2019emploi se donne les moyens de transformer ces moments d\u2019\u00e9change en r\u00e9sultats concrets. Le networking est une posture active, tourn\u00e9e vers les autres, qui favorise les opportunit\u00e9s aussi bien imm\u00e9diates que futures.<\/p>\n<p><strong><span style=\"color: #3366ff;\">Liens utiles !\u00a0\u00bb :<\/span><\/strong><\/p>\n<ul>\n<li>France Travail &#8211; \u00ab Forum emploi \/ job dating : les cl\u00e9s pour mettre toutes les chances de votre c\u00f4t\u00e9 \u00bb \u2014<br \/>\n<a href=\"https:\/\/www.francetravail.fr\/region\/provence-alpes-cote-d-azur\/candidat-1\/services-et-conseils\/forum-emploi--job-dating--les-cl.html\">https:\/\/www.francetravail.fr\/region\/provence-alpes-cote-d-azur\/candidat-1\/services-et-conseils\/forum-emploi&#8211;job-dating&#8211;les-cl.html France Travail<\/a><\/li>\n<li>Welcome to the Jungle &#8211; \u00ab Comment pr\u00e9parer votre venue \u00e0 un forum de recrutement ? \u00bb<br \/>\n<a href=\"https:\/\/www.welcometothejungle.com\/fr\/articles\/comment-preparer-votre-venue-a-un-forum-de-recrutement\">https:\/\/www.welcometothejungle.com\/fr\/articles\/comment-preparer-votre-venue-a-un-forum-de-recrutement Welcome to the Jungle+1<\/a><\/li>\n<li>France Travail &#8211; \u00ab Job dating, faites mouche en 10 min ! \u00bb &#8211;<br \/>\n<a href=\"https:\/\/www.francetravail.fr\/candidat\/vos- recherches\/preparer-votre-candidature\/entretien\/job-dating-faites-mouche-en-10-m.html France Travail\">https:\/\/www.francetravail.fr\/candidat\/vos- recherches\/preparer-votre-candidature\/entretien\/job-dating-faites-mouche-en-10-m.html France Travail<\/a><\/li>\n<li>France Travail &#8211; \u201cMes \u00e9v\u00e9nements emploi\u201d<br \/>\n<a href=\"https:\/\/www.francetravail.fr\/region\/pays-de-la-loire\/actus-agenda\/actualite\/mes-evenements-emploi.html\">https:\/\/www.francetravail.fr\/region\/pays-de-la-loire\/actus-agenda\/actualite\/mes-evenements-emploi.html France Travail<\/a><\/li>\n<li>Adecco : \u00ab Job dating : pourquoi y participer et comment s\u2019y pr\u00e9parer ? \u00bb Adecco<br \/>\n<a href=\"https:\/\/www.adecco.com\/fr-fr\">https:\/\/www.adecco.fr\/actu-job\/2025\/march\/job-dating-pourquoi-y-participer-et-comment-s\u2019y-preparer<\/a><\/li>\n<li>Nouvelle Vie Pro &#8211; Salon reconversion professionnelle<br \/>\n<a href=\"https:\/\/www.nouvelleviepro.fr\/salon-nouvelle-vie-pro-rebondir-apres-la-crise\">https:\/\/www.nouvelleviepro.fr\/salon-nouvelle-vie-pro-rebondir-apres-la-crise (\u00e9v\u00e9nement reconversion) Nouvelle Vie Professionnelle<\/a><\/li>\n<li>Monde du Travail &#8211; Agenda 2025 des salons et forums emploi<br \/>\n<a href=\"https:\/\/mondedutravail.fr\/agenda-salons-forums-emploi-2025\/\">https:\/\/mondedutravail.fr\/agenda-salons-forums-emploi-2025\/Monde du travail<\/a><\/li>\n<li>\u00ab Comment se pr\u00e9parer \u00e0 un jobdating \u00bb (Mission Handicap)<br \/>\n<a href=\"https:\/\/www.missionhandicap.fr\/blog\/353\/Comment-se-preparer-a-un-jobdating\">https:\/\/missionhandicap.fr<\/a><\/li>\n<li>Rebondir &#8211; \u00ab Recherche d\u2019emploi, reconversion, entrepreneuriat\u2026 Les \u00e9v\u00e9nements \u00e0 ne pas rater en d\u00e9cembre 2025 \u00bb \u2014<br \/>\n<a href=\"https:\/\/rebondir.fr\/recherche-demploi-reconversion-entrepreneuriat-les-evenements-a-ne-pas-rater-en-decembre-2025\/\">https:\/\/rebondir.fr\/recherche-demploi-reconversion-entrepreneuriat-les-evenements-a-ne-pas-rater-en-decembre-2025\/<\/a><\/li>\n<li>Hellowork &#8211; Agenda emploi &#8211;<br \/>\n<a href=\"https:\/\/www.hellowork.com\/fr-fr\/media\/tag_agenda.html\">https:\/\/www.hellowork.com\/fr-fr\/media\/tag_agenda.html<\/a><\/li>\n<\/ul>\n<h2 style=\"text-align: right;\"><span style=\"color: #3366ff;\"><em>Le GAD 14<\/em><\/span><\/h2>\n","protected":false},"excerpt":{"rendered":"<p>Dans une recherche d\u2019emploi, les \u00e9v\u00e9nements de networking jouent un r\u00f4le cl\u00e9. Ils existent sous de nombreux formats &#8211; salons, conf\u00e9rences, ateliers, forums, jobs dating, afterworks &#8211; organis\u00e9s aussi bien par des entreprises que par des \u00e9coles, des associations professionnelles, des r\u00e9seaux d\u2019alumni ou des institutions comme les CCI. Certains sont totalement ouverts, d\u2019autres payants, <a href=\"https:\/\/dynamique-cadres.org\/wordpress\/les-evenements-de-networking-et-comment-en-tirer-parti\/\" rel=\"nofollow\"><span class=\"sr-only\">En savoir plus surLes \u00e9v\u00e9nements de networking et comment en tirer parti.<\/span>[&hellip;]<\/a><\/p>\n","protected":false},"author":1,"featured_media":3559,"comment_status":"open","ping_status":"open","sticky":false,"template":"","format":"standard","meta":{"_monsterinsights_skip_tracking":false,"_monsterinsights_sitenote_active":false,"_monsterinsights_sitenote_note":"","_monsterinsights_sitenote_category":0,"footnotes":""},"categories":[3],"tags":[597,603,602,595,598,605,604,600,607,606,83,596,599,593,112,594,601],"class_list":["post-3555","post","type-post","status-publish","format-standard","has-post-thumbnail","hentry","category-lettre_dynamique","tag-afterworks","tag-alumni","tag-associations-professionnelles","tag-ateliers","tag-chambres-de-commerce-et-dindustrie","tag-cibler-levenement","tag-clubs-dentreprise","tag-conferences-thematiques","tag-consolider-les-liens","tag-etre-professionnel","tag-forums","tag-jobs-dating","tag-journees-portes-ouvertes","tag-networking","tag-proactif","tag-salons","tag-tables-rondes-specialisees"],"yoast_head":"<!-- This site is optimized with the Yoast SEO plugin v27.5 - https:\/\/yoast.com\/product\/yoast-seo-wordpress\/ -->\n<title>Les \u00e9v\u00e9nements de networking et comment en tirer parti. - Dynamique Cadres<\/title>\n<meta name=\"description\" content=\"L&#039;association faite par pour les cadres en transition professionnelle en les rendant proactifs au sein d&#039;une organisation stimulante bas\u00e9e sur le partage des apports de chacun.\" \/>\n<meta name=\"robots\" content=\"index, follow, max-snippet:-1, max-image-preview:large, max-video-preview:-1\" \/>\n<link rel=\"canonical\" href=\"https:\/\/dynamique-cadres.org\/wordpress\/les-evenements-de-networking-et-comment-en-tirer-parti\/\" \/>\n<meta property=\"og:locale\" content=\"fr_FR\" \/>\n<meta property=\"og:type\" content=\"article\" \/>\n<meta property=\"og:title\" content=\"Les \u00e9v\u00e9nements de networking et comment en tirer parti. - Dynamique Cadres\" \/>\n<meta property=\"og:description\" content=\"L&#039;association faite par pour les cadres en transition professionnelle en les rendant proactifs au sein d&#039;une organisation stimulante bas\u00e9e sur le partage des apports de chacun.\" \/>\n<meta property=\"og:url\" content=\"https:\/\/dynamique-cadres.org\/wordpress\/les-evenements-de-networking-et-comment-en-tirer-parti\/\" \/>\n<meta property=\"og:site_name\" content=\"Dynamique Cadres\" \/>\n<meta property=\"article:publisher\" content=\"https:\/\/www.facebook.com\/profile.php?id=100011741796467\" \/>\n<meta property=\"article:published_time\" content=\"2025-12-11T10:47:23+00:00\" \/>\n<meta property=\"article:modified_time\" content=\"2025-12-11T11:31:31+00:00\" \/>\n<meta property=\"og:image\" content=\"https:\/\/adqcghyr.preview.infomaniak.website\/wordpress\/wp-content\/uploads\/2025\/12\/Networking.png\" \/>\n\t<meta property=\"og:image:width\" content=\"655\" \/>\n\t<meta property=\"og:image:height\" content=\"430\" \/>\n\t<meta property=\"og:image:type\" content=\"image\/png\" \/>\n<meta name=\"author\" content=\"Administrateur\" \/>\n<meta name=\"twitter:card\" content=\"summary_large_image\" \/>\n<meta name=\"twitter:creator\" content=\"@Dynamiquecadres\" \/>\n<meta name=\"twitter:site\" content=\"@Dynamiquecadres\" \/>\n<meta name=\"twitter:label1\" content=\"\u00c9crit par\" \/>\n\t<meta name=\"twitter:data1\" content=\"Administrateur\" \/>\n\t<meta name=\"twitter:label2\" content=\"Dur\u00e9e de lecture estim\u00e9e\" \/>\n\t<meta name=\"twitter:data2\" content=\"10 minutes\" \/>\n<script type=\"application\/ld+json\" class=\"yoast-schema-graph\">{\"@context\":\"https:\\\/\\\/schema.org\",\"@graph\":[{\"@type\":\"Article\",\"@id\":\"https:\\\/\\\/dynamique-cadres.org\\\/wordpress\\\/les-evenements-de-networking-et-comment-en-tirer-parti\\\/#article\",\"isPartOf\":{\"@id\":\"https:\\\/\\\/dynamique-cadres.org\\\/wordpress\\\/les-evenements-de-networking-et-comment-en-tirer-parti\\\/\"},\"author\":{\"name\":\"Administrateur\",\"@id\":\"https:\\\/\\\/dynamique-cadres.org\\\/wordpress\\\/#\\\/schema\\\/person\\\/d8bc28761a7583d4869ae9f803b566a7\"},\"headline\":\"Les \u00e9v\u00e9nements de networking et comment en tirer parti.\",\"datePublished\":\"2025-12-11T10:47:23+00:00\",\"dateModified\":\"2025-12-11T11:31:31+00:00\",\"mainEntityOfPage\":{\"@id\":\"https:\\\/\\\/dynamique-cadres.org\\\/wordpress\\\/les-evenements-de-networking-et-comment-en-tirer-parti\\\/\"},\"wordCount\":2138,\"commentCount\":0,\"publisher\":{\"@id\":\"https:\\\/\\\/dynamique-cadres.org\\\/wordpress\\\/#organization\"},\"image\":{\"@id\":\"https:\\\/\\\/dynamique-cadres.org\\\/wordpress\\\/les-evenements-de-networking-et-comment-en-tirer-parti\\\/#primaryimage\"},\"thumbnailUrl\":\"https:\\\/\\\/adqcghyr.preview.infomaniak.website\\\/wordpress\\\/wp-content\\\/uploads\\\/2025\\\/12\\\/Networking.png\",\"keywords\":[\"afterworks\",\"alumni\",\"associations professionnelles\",\"ateliers\",\"Chambres de Commerce et d\u2019Industrie\",\"cibler l\u2019\u00e9v\u00e8nement\",\"Clubs d\u2019entreprise\",\"conf\u00e9rences th\u00e9matiques\",\"consolider les liens\",\"\u00eatre professionnel\",\"forums\",\"jobs dating\",\"Journ\u00e9es Portes Ouvertes\",\"Networking\",\"proactif\",\"salons\",\"tables rondes sp\u00e9cialis\u00e9es\"],\"articleSection\":[\"Lettre Dynamique\"],\"inLanguage\":\"fr-FR\",\"potentialAction\":[{\"@type\":\"CommentAction\",\"name\":\"Comment\",\"target\":[\"https:\\\/\\\/dynamique-cadres.org\\\/wordpress\\\/les-evenements-de-networking-et-comment-en-tirer-parti\\\/#respond\"]}]},{\"@type\":\"WebPage\",\"@id\":\"https:\\\/\\\/dynamique-cadres.org\\\/wordpress\\\/les-evenements-de-networking-et-comment-en-tirer-parti\\\/\",\"url\":\"https:\\\/\\\/dynamique-cadres.org\\\/wordpress\\\/les-evenements-de-networking-et-comment-en-tirer-parti\\\/\",\"name\":\"Les \u00e9v\u00e9nements de networking et comment en tirer parti. - Dynamique Cadres\",\"isPartOf\":{\"@id\":\"https:\\\/\\\/dynamique-cadres.org\\\/wordpress\\\/#website\"},\"primaryImageOfPage\":{\"@id\":\"https:\\\/\\\/dynamique-cadres.org\\\/wordpress\\\/les-evenements-de-networking-et-comment-en-tirer-parti\\\/#primaryimage\"},\"image\":{\"@id\":\"https:\\\/\\\/dynamique-cadres.org\\\/wordpress\\\/les-evenements-de-networking-et-comment-en-tirer-parti\\\/#primaryimage\"},\"thumbnailUrl\":\"https:\\\/\\\/adqcghyr.preview.infomaniak.website\\\/wordpress\\\/wp-content\\\/uploads\\\/2025\\\/12\\\/Networking.png\",\"datePublished\":\"2025-12-11T10:47:23+00:00\",\"dateModified\":\"2025-12-11T11:31:31+00:00\",\"description\":\"L'association faite par pour les cadres en transition professionnelle en les rendant proactifs au sein d'une organisation stimulante bas\u00e9e sur le partage des apports de chacun.\",\"breadcrumb\":{\"@id\":\"https:\\\/\\\/dynamique-cadres.org\\\/wordpress\\\/les-evenements-de-networking-et-comment-en-tirer-parti\\\/#breadcrumb\"},\"inLanguage\":\"fr-FR\",\"potentialAction\":[{\"@type\":\"ReadAction\",\"target\":[\"https:\\\/\\\/dynamique-cadres.org\\\/wordpress\\\/les-evenements-de-networking-et-comment-en-tirer-parti\\\/\"]}]},{\"@type\":\"ImageObject\",\"inLanguage\":\"fr-FR\",\"@id\":\"https:\\\/\\\/dynamique-cadres.org\\\/wordpress\\\/les-evenements-de-networking-et-comment-en-tirer-parti\\\/#primaryimage\",\"url\":\"https:\\\/\\\/adqcghyr.preview.infomaniak.website\\\/wordpress\\\/wp-content\\\/uploads\\\/2025\\\/12\\\/Networking.png\",\"contentUrl\":\"https:\\\/\\\/adqcghyr.preview.infomaniak.website\\\/wordpress\\\/wp-content\\\/uploads\\\/2025\\\/12\\\/Networking.png\",\"width\":655,\"height\":430},{\"@type\":\"BreadcrumbList\",\"@id\":\"https:\\\/\\\/dynamique-cadres.org\\\/wordpress\\\/les-evenements-de-networking-et-comment-en-tirer-parti\\\/#breadcrumb\",\"itemListElement\":[{\"@type\":\"ListItem\",\"position\":1,\"name\":\"Accueil\",\"item\":\"https:\\\/\\\/dynamique-cadres.org\\\/wordpress\\\/\"},{\"@type\":\"ListItem\",\"position\":2,\"name\":\"Les \u00e9v\u00e9nements de networking et comment en tirer parti.\"}]},{\"@type\":\"WebSite\",\"@id\":\"https:\\\/\\\/dynamique-cadres.org\\\/wordpress\\\/#website\",\"url\":\"https:\\\/\\\/dynamique-cadres.org\\\/wordpress\\\/\",\"name\":\"Dynamique Cadres\",\"description\":\"L&#039;association qui dynamise les cadres !\",\"publisher\":{\"@id\":\"https:\\\/\\\/dynamique-cadres.org\\\/wordpress\\\/#organization\"},\"potentialAction\":[{\"@type\":\"SearchAction\",\"target\":{\"@type\":\"EntryPoint\",\"urlTemplate\":\"https:\\\/\\\/dynamique-cadres.org\\\/wordpress\\\/?s={search_term_string}\"},\"query-input\":{\"@type\":\"PropertyValueSpecification\",\"valueRequired\":true,\"valueName\":\"search_term_string\"}}],\"inLanguage\":\"fr-FR\"},{\"@type\":\"Organization\",\"@id\":\"https:\\\/\\\/dynamique-cadres.org\\\/wordpress\\\/#organization\",\"name\":\"Dynamique Cadres\",\"url\":\"https:\\\/\\\/dynamique-cadres.org\\\/wordpress\\\/\",\"logo\":{\"@type\":\"ImageObject\",\"inLanguage\":\"fr-FR\",\"@id\":\"https:\\\/\\\/dynamique-cadres.org\\\/wordpress\\\/#\\\/schema\\\/logo\\\/image\\\/\",\"url\":\"https:\\\/\\\/adqcghyr.preview.infomaniak.website\\\/wordpress\\\/wp-content\\\/uploads\\\/2017\\\/04\\\/LOGO-hd.png\",\"contentUrl\":\"https:\\\/\\\/adqcghyr.preview.infomaniak.website\\\/wordpress\\\/wp-content\\\/uploads\\\/2017\\\/04\\\/LOGO-hd.png\",\"width\":2157,\"height\":579,\"caption\":\"Dynamique Cadres\"},\"image\":{\"@id\":\"https:\\\/\\\/dynamique-cadres.org\\\/wordpress\\\/#\\\/schema\\\/logo\\\/image\\\/\"},\"sameAs\":[\"https:\\\/\\\/www.facebook.com\\\/profile.php?id=100011741796467\",\"https:\\\/\\\/x.com\\\/Dynamiquecadres\",\"https:\\\/\\\/www.linkedin.com\\\/company-beta\\\/592628\\\/\"]},{\"@type\":\"Person\",\"@id\":\"https:\\\/\\\/dynamique-cadres.org\\\/wordpress\\\/#\\\/schema\\\/person\\\/d8bc28761a7583d4869ae9f803b566a7\",\"name\":\"Administrateur\",\"image\":{\"@type\":\"ImageObject\",\"inLanguage\":\"fr-FR\",\"@id\":\"https:\\\/\\\/secure.gravatar.com\\\/avatar\\\/60da60f22ad8a5d282b2e3e2c3fbd830cd65b8522e6b97a697fe74eccd670294?s=96&d=mm&r=g\",\"url\":\"https:\\\/\\\/secure.gravatar.com\\\/avatar\\\/60da60f22ad8a5d282b2e3e2c3fbd830cd65b8522e6b97a697fe74eccd670294?s=96&d=mm&r=g\",\"contentUrl\":\"https:\\\/\\\/secure.gravatar.com\\\/avatar\\\/60da60f22ad8a5d282b2e3e2c3fbd830cd65b8522e6b97a697fe74eccd670294?s=96&d=mm&r=g\",\"caption\":\"Administrateur\"},\"url\":\"https:\\\/\\\/dynamique-cadres.org\\\/wordpress\\\/author\\\/adqc_wordpress\\\/\"}]}<\/script>\n<!-- \/ Yoast SEO plugin. -->","yoast_head_json":{"title":"Les \u00e9v\u00e9nements de networking et comment en tirer parti. - Dynamique Cadres","description":"L'association faite par pour les cadres en transition professionnelle en les rendant proactifs au sein d'une organisation stimulante bas\u00e9e sur le partage des apports de chacun.","robots":{"index":"index","follow":"follow","max-snippet":"max-snippet:-1","max-image-preview":"max-image-preview:large","max-video-preview":"max-video-preview:-1"},"canonical":"https:\/\/dynamique-cadres.org\/wordpress\/les-evenements-de-networking-et-comment-en-tirer-parti\/","og_locale":"fr_FR","og_type":"article","og_title":"Les \u00e9v\u00e9nements de networking et comment en tirer parti. - Dynamique Cadres","og_description":"L'association faite par pour les cadres en transition professionnelle en les rendant proactifs au sein d'une organisation stimulante bas\u00e9e sur le partage des apports de chacun.","og_url":"https:\/\/dynamique-cadres.org\/wordpress\/les-evenements-de-networking-et-comment-en-tirer-parti\/","og_site_name":"Dynamique Cadres","article_publisher":"https:\/\/www.facebook.com\/profile.php?id=100011741796467","article_published_time":"2025-12-11T10:47:23+00:00","article_modified_time":"2025-12-11T11:31:31+00:00","og_image":[{"width":655,"height":430,"url":"https:\/\/adqcghyr.preview.infomaniak.website\/wordpress\/wp-content\/uploads\/2025\/12\/Networking.png","type":"image\/png"}],"author":"Administrateur","twitter_card":"summary_large_image","twitter_creator":"@Dynamiquecadres","twitter_site":"@Dynamiquecadres","twitter_misc":{"\u00c9crit par":"Administrateur","Dur\u00e9e de lecture estim\u00e9e":"10 minutes"},"schema":{"@context":"https:\/\/schema.org","@graph":[{"@type":"Article","@id":"https:\/\/dynamique-cadres.org\/wordpress\/les-evenements-de-networking-et-comment-en-tirer-parti\/#article","isPartOf":{"@id":"https:\/\/dynamique-cadres.org\/wordpress\/les-evenements-de-networking-et-comment-en-tirer-parti\/"},"author":{"name":"Administrateur","@id":"https:\/\/dynamique-cadres.org\/wordpress\/#\/schema\/person\/d8bc28761a7583d4869ae9f803b566a7"},"headline":"Les \u00e9v\u00e9nements de networking et comment en tirer parti.","datePublished":"2025-12-11T10:47:23+00:00","dateModified":"2025-12-11T11:31:31+00:00","mainEntityOfPage":{"@id":"https:\/\/dynamique-cadres.org\/wordpress\/les-evenements-de-networking-et-comment-en-tirer-parti\/"},"wordCount":2138,"commentCount":0,"publisher":{"@id":"https:\/\/dynamique-cadres.org\/wordpress\/#organization"},"image":{"@id":"https:\/\/dynamique-cadres.org\/wordpress\/les-evenements-de-networking-et-comment-en-tirer-parti\/#primaryimage"},"thumbnailUrl":"https:\/\/adqcghyr.preview.infomaniak.website\/wordpress\/wp-content\/uploads\/2025\/12\/Networking.png","keywords":["afterworks","alumni","associations professionnelles","ateliers","Chambres de Commerce et d\u2019Industrie","cibler l\u2019\u00e9v\u00e8nement","Clubs d\u2019entreprise","conf\u00e9rences th\u00e9matiques","consolider les liens","\u00eatre professionnel","forums","jobs dating","Journ\u00e9es Portes Ouvertes","Networking","proactif","salons","tables rondes sp\u00e9cialis\u00e9es"],"articleSection":["Lettre Dynamique"],"inLanguage":"fr-FR","potentialAction":[{"@type":"CommentAction","name":"Comment","target":["https:\/\/dynamique-cadres.org\/wordpress\/les-evenements-de-networking-et-comment-en-tirer-parti\/#respond"]}]},{"@type":"WebPage","@id":"https:\/\/dynamique-cadres.org\/wordpress\/les-evenements-de-networking-et-comment-en-tirer-parti\/","url":"https:\/\/dynamique-cadres.org\/wordpress\/les-evenements-de-networking-et-comment-en-tirer-parti\/","name":"Les \u00e9v\u00e9nements de networking et comment en tirer parti. - Dynamique Cadres","isPartOf":{"@id":"https:\/\/dynamique-cadres.org\/wordpress\/#website"},"primaryImageOfPage":{"@id":"https:\/\/dynamique-cadres.org\/wordpress\/les-evenements-de-networking-et-comment-en-tirer-parti\/#primaryimage"},"image":{"@id":"https:\/\/dynamique-cadres.org\/wordpress\/les-evenements-de-networking-et-comment-en-tirer-parti\/#primaryimage"},"thumbnailUrl":"https:\/\/adqcghyr.preview.infomaniak.website\/wordpress\/wp-content\/uploads\/2025\/12\/Networking.png","datePublished":"2025-12-11T10:47:23+00:00","dateModified":"2025-12-11T11:31:31+00:00","description":"L'association faite par pour les cadres en transition professionnelle en les rendant proactifs au sein d'une organisation stimulante bas\u00e9e sur le partage des apports de chacun.","breadcrumb":{"@id":"https:\/\/dynamique-cadres.org\/wordpress\/les-evenements-de-networking-et-comment-en-tirer-parti\/#breadcrumb"},"inLanguage":"fr-FR","potentialAction":[{"@type":"ReadAction","target":["https:\/\/dynamique-cadres.org\/wordpress\/les-evenements-de-networking-et-comment-en-tirer-parti\/"]}]},{"@type":"ImageObject","inLanguage":"fr-FR","@id":"https:\/\/dynamique-cadres.org\/wordpress\/les-evenements-de-networking-et-comment-en-tirer-parti\/#primaryimage","url":"https:\/\/adqcghyr.preview.infomaniak.website\/wordpress\/wp-content\/uploads\/2025\/12\/Networking.png","contentUrl":"https:\/\/adqcghyr.preview.infomaniak.website\/wordpress\/wp-content\/uploads\/2025\/12\/Networking.png","width":655,"height":430},{"@type":"BreadcrumbList","@id":"https:\/\/dynamique-cadres.org\/wordpress\/les-evenements-de-networking-et-comment-en-tirer-parti\/#breadcrumb","itemListElement":[{"@type":"ListItem","position":1,"name":"Accueil","item":"https:\/\/dynamique-cadres.org\/wordpress\/"},{"@type":"ListItem","position":2,"name":"Les \u00e9v\u00e9nements de networking et comment en tirer parti."}]},{"@type":"WebSite","@id":"https:\/\/dynamique-cadres.org\/wordpress\/#website","url":"https:\/\/dynamique-cadres.org\/wordpress\/","name":"Dynamique Cadres","description":"L&#039;association qui dynamise les cadres !","publisher":{"@id":"https:\/\/dynamique-cadres.org\/wordpress\/#organization"},"potentialAction":[{"@type":"SearchAction","target":{"@type":"EntryPoint","urlTemplate":"https:\/\/dynamique-cadres.org\/wordpress\/?s={search_term_string}"},"query-input":{"@type":"PropertyValueSpecification","valueRequired":true,"valueName":"search_term_string"}}],"inLanguage":"fr-FR"},{"@type":"Organization","@id":"https:\/\/dynamique-cadres.org\/wordpress\/#organization","name":"Dynamique Cadres","url":"https:\/\/dynamique-cadres.org\/wordpress\/","logo":{"@type":"ImageObject","inLanguage":"fr-FR","@id":"https:\/\/dynamique-cadres.org\/wordpress\/#\/schema\/logo\/image\/","url":"https:\/\/adqcghyr.preview.infomaniak.website\/wordpress\/wp-content\/uploads\/2017\/04\/LOGO-hd.png","contentUrl":"https:\/\/adqcghyr.preview.infomaniak.website\/wordpress\/wp-content\/uploads\/2017\/04\/LOGO-hd.png","width":2157,"height":579,"caption":"Dynamique Cadres"},"image":{"@id":"https:\/\/dynamique-cadres.org\/wordpress\/#\/schema\/logo\/image\/"},"sameAs":["https:\/\/www.facebook.com\/profile.php?id=100011741796467","https:\/\/x.com\/Dynamiquecadres","https:\/\/www.linkedin.com\/company-beta\/592628\/"]},{"@type":"Person","@id":"https:\/\/dynamique-cadres.org\/wordpress\/#\/schema\/person\/d8bc28761a7583d4869ae9f803b566a7","name":"Administrateur","image":{"@type":"ImageObject","inLanguage":"fr-FR","@id":"https:\/\/secure.gravatar.com\/avatar\/60da60f22ad8a5d282b2e3e2c3fbd830cd65b8522e6b97a697fe74eccd670294?s=96&d=mm&r=g","url":"https:\/\/secure.gravatar.com\/avatar\/60da60f22ad8a5d282b2e3e2c3fbd830cd65b8522e6b97a697fe74eccd670294?s=96&d=mm&r=g","contentUrl":"https:\/\/secure.gravatar.com\/avatar\/60da60f22ad8a5d282b2e3e2c3fbd830cd65b8522e6b97a697fe74eccd670294?s=96&d=mm&r=g","caption":"Administrateur"},"url":"https:\/\/dynamique-cadres.org\/wordpress\/author\/adqc_wordpress\/"}]}},"_links":{"self":[{"href":"https:\/\/dynamique-cadres.org\/wordpress\/wp-json\/wp\/v2\/posts\/3555","targetHints":{"allow":["GET"]}}],"collection":[{"href":"https:\/\/dynamique-cadres.org\/wordpress\/wp-json\/wp\/v2\/posts"}],"about":[{"href":"https:\/\/dynamique-cadres.org\/wordpress\/wp-json\/wp\/v2\/types\/post"}],"author":[{"embeddable":true,"href":"https:\/\/dynamique-cadres.org\/wordpress\/wp-json\/wp\/v2\/users\/1"}],"replies":[{"embeddable":true,"href":"https:\/\/dynamique-cadres.org\/wordpress\/wp-json\/wp\/v2\/comments?post=3555"}],"version-history":[{"count":8,"href":"https:\/\/dynamique-cadres.org\/wordpress\/wp-json\/wp\/v2\/posts\/3555\/revisions"}],"predecessor-version":[{"id":3564,"href":"https:\/\/dynamique-cadres.org\/wordpress\/wp-json\/wp\/v2\/posts\/3555\/revisions\/3564"}],"wp:featuredmedia":[{"embeddable":true,"href":"https:\/\/dynamique-cadres.org\/wordpress\/wp-json\/wp\/v2\/media\/3559"}],"wp:attachment":[{"href":"https:\/\/dynamique-cadres.org\/wordpress\/wp-json\/wp\/v2\/media?parent=3555"}],"wp:term":[{"taxonomy":"category","embeddable":true,"href":"https:\/\/dynamique-cadres.org\/wordpress\/wp-json\/wp\/v2\/categories?post=3555"},{"taxonomy":"post_tag","embeddable":true,"href":"https:\/\/dynamique-cadres.org\/wordpress\/wp-json\/wp\/v2\/tags?post=3555"}],"curies":[{"name":"wp","href":"https:\/\/api.w.org\/{rel}","templated":true}]}}