{"id":860,"date":"2019-05-09T20:32:08","date_gmt":"2019-05-09T18:32:08","guid":{"rendered":"https:\/\/dynamique-cadres.org\/wordpress\/?p=860"},"modified":"2019-05-09T20:32:08","modified_gmt":"2019-05-09T18:32:08","slug":"la-lettre-de-motivation-passeport-pour-lentretien","status":"publish","type":"post","link":"https:\/\/dynamique-cadres.org\/wordpress\/la-lettre-de-motivation-passeport-pour-lentretien\/","title":{"rendered":"La lettre de motivation  &#8211;  Passeport pour l\u2019entretien"},"content":{"rendered":"<p>La lettre de motivation est-elle encore utile ? Quoi \u00e9crire et comment se d\u00e9marquer ?<\/p>\n<p>C\u2019est compliqu\u00e9 hein ? Bon allez, voyons tout cela tranquillement.<\/p>\n<p>Oui c\u2019est utile, encore aujourd\u2019hui il n\u2019est pas rare de lire \u00ab envoyez CV + lettre de motivation \u00bb et m\u00eame si on ne la demande pas, dans le doute il est pr\u00e9f\u00e9rable d\u2019en joindre une. Selon une \u00e9tude de la DARES (Minist\u00e8re du Travail) de 2017, 60% des recruteurs demandent de mani\u00e8re syst\u00e9matique une lettre de motivation.<\/p>\n<p>Et c\u2019est l\u00e0 que commence le dilemme !<\/p>\n<p>D\u2019abord, la lettre de motivation n\u2019est pas un CV alors inutile d\u2019y rappeler quoique ce soit existant d\u00e9j\u00e0 dans le CV. Il est aussi tentant au fil des lettres et apr\u00e8s y avoir laiss\u00e9 pas mal de sueur d&rsquo;user du copier-coller pour r\u00e9utiliser un paragraphe d\u00e9j\u00e0 bien form\u00e9. Seulement voil\u00e0, cela se d\u00e9tecte facilement, les recruteurs ont un sixi\u00e8me sens qui leur mettra la puce \u00e0 l\u2019oreille\u2026<\/p>\n<p>De nombreux sites internet, consultants ou formateurs d\u2019organismes aidant \u00e0 la recherche d\u2019emploi, et vos amis les plus proches, vous conseilleront la technique du <strong>VOUS \/ MOI &#8211; JE \/ NOUS<\/strong>. Cette<br \/>\nderni\u00e8re consiste \u00e0 r\u00e9diger trois paragraphes :<\/p>\n<ul>\n<li>Le \u00ab vous, votre, vos \u00bb pour parler de l&rsquo;entreprise.<\/li>\n<li>Le \u00ab je, je suis, j&rsquo;ai fait,\u2026 \u00bb pour mettre en avant vos forces et qualit\u00e9s ou tout ce qui vous d\u00e9marque<\/li>\n<li>Le \u00ab nous \u00bb, l&rsquo;histoire d&rsquo;amour prend forme\u2026.<\/li>\n<\/ul>\n<p>C\u2019est le paragraphe de conclusion qui doit mener \u00e0 une proposition de rendez-vous. Allez, une petite formule de politesse pour faire joli \u2026 Hop le tour est jou\u00e9 !!! Ouf !<\/p>\n<p>\u00cates-vous content ? Si oui, relisez-vous ! Et l\u00e0 vous \u00eates content ?<br \/>\nMaintenant relisez vos dix derni\u00e8res lettres de motivation. \u00cates-vous toujours satisfait ?<\/p>\n<p>Le probl\u00e8me c\u2019est que tous vos concurrents ont \u00e9crit la m\u00eame lettre que vous. Ils ont utilis\u00e9 la m\u00eame technique que vous, finalement, ils ne sont ni plus mauvais ni meilleurs que vous. Mettez-vous \u00e0 place du recruteur un instant : pourquoi retiendrait-il votre candidature plut\u00f4t qu&rsquo;une autre ?<\/p>\n<p>C\u2019est \u00e0 ce moment que vous devez d\u00e9chirer vos lettres, ou en faire des sous-verres si vous \u00eates nostalgique, puis vous dire : \u00ab comment vais-je me d\u00e9marquer ?!?!?! \u00bb.<\/p>\n<p>Dans son livre \u00ab D\u00e9crochez votre nouveau job \u00bb, JC H\u00e9riche propose d\u2019\u00e9crire des lettres de motivation qui se transforment en proposition de solutions. Il rappelle que selon une enqu\u00eate de l\u2019IFOP parue sur le site Monster.fr, les recruteurs attendent des candidats qu&rsquo;ils leur d\u00e9montrent qu&rsquo;ils ont compris leurs enjeux.<br \/>\nLa technique consiste \u00e0:<\/p>\n<ul>\n<li>reformuler le besoin de l\u2019entreprise pour montrer qu\u2019on l\u2019a bien compris,<\/li>\n<li>d\u00e9tecter \u00e0 partir du contenu de l\u2019annonce la probl\u00e9matique de l\u2019entreprise qui l\u2019am\u00e8ne \u00e0 recruter,<\/li>\n<li>proposer des solutions \u00e0 cette probl\u00e9matique en se servant de ses exp\u00e9riences professionnelles pass\u00e9es.<\/li>\n<\/ul>\n<p>Une petite formule sympa pour proposer un rendez-vous et hop ! Le tour est jou\u00e9.<\/p>\n<p>Et maintenant, relisez-vous. Avouez que c\u2019est d\u00e9j\u00e0 plus int\u00e9ressant pour le recruteur et que cela donne une meilleure chance de d\u00e9crocher un premier entretien en piquant un peu la curiosit\u00e9 du lecteur.<\/p>\n<p>Et puis il y a ceux qui arrivent \u00e0 se transcender en \u00e9crivant des lettres d\u2019une originalit\u00e9 qui ne peut laisser indiff\u00e8rent. C\u2019est bien s\u00fbr \u00e0 double tranchant. Parfois trop c\u2019est trop. Il faut donc rester dans de l\u2019originalit\u00e9 soft et ne pas viser l\u2019extravagance. Mais on a vu des programmeurs \u00e9crire leur lettre en code informatique, des graphistes faire des bandes dessin\u00e9es ou des vid\u00e9os en guise de lettre. Alors vous allez dire : \u00ab oui mais moi je suis comptable, RH, acheteur \u2026 \u00bb<br \/>\nEt alors ? Il est possible d\u2019\u00e9crire une lettre qui va avoir une originalit\u00e9 sp\u00e9cifique \u00e0 votre m\u00e9tier ou au poste propos\u00e9. Et puis il n\u2019est pas n\u00e9cessaire d\u2019en faire des tonnes, parfois, juste une note originale peut avoir son effet, dans tous les cas restez vous-m\u00eame.<\/p>\n<p>Bon cette derni\u00e8re option n&rsquo;est pas \u00e0 la port\u00e9e de tous, et doit \u00eatre utilis\u00e9e avec pr\u00e9caution et puis on peut tomber sur un r\u00e9fractaire \u00e0 l&rsquo;originalit\u00e9. Mais ceux qui s\u2019en approchent touchent parfois le graal.<br \/>\nVous ne nous croyez pas ? Voici une <a href=\"http:\/\/etudiant.aujourdhui.fr\/etudiant\/info\/une-lettre-de-motivation-blabla-tres-originale-et-efficace.html\">p\u00e9pite d\u2019originalit\u00e9 parmi d\u2019autres<\/a>.<\/p>\n<p>Dans tous les cas, chaque lettre de motivation est diff\u00e9rente, elle ne liste pas vos points forts, elle les met en sc\u00e8ne \u00e0 travers un discours. Gardez \u00e0 l\u2019esprit qu\u2019il faut rester court et concis et comme le dit Nicolas Boileau \u00ab ce que l\u2019on con\u00e7oit bien s\u2019\u00e9nonce clairement et les mots pour le dire arrivent ais\u00e9ment \u00bb<\/p>\n<p>Alors et vous ? Vous avez une autre technique ? On est curieux de savoir !<\/p>\n<p>Bonnes lettres \u00e0 tous.<\/p>\n<h4 style=\"text-align: right;\"><span style=\"color: #3366ff;\"><strong><em>Le GAD 8<\/em><\/strong><\/span><\/h4>\n","protected":false},"excerpt":{"rendered":"<p>La lettre de motivation est-elle encore utile ? Quoi \u00e9crire et comment se d\u00e9marquer ? C\u2019est compliqu\u00e9 hein ? Bon allez, voyons tout cela tranquillement. Oui c\u2019est utile, encore aujourd\u2019hui il n\u2019est pas rare de lire \u00ab envoyez CV + lettre de motivation \u00bb et m\u00eame si on ne la demande pas, dans le doute <a href=\"https:\/\/dynamique-cadres.org\/wordpress\/la-lettre-de-motivation-passeport-pour-lentretien\/\" rel=\"nofollow\"><span class=\"sr-only\">En savoir plus surLa lettre de motivation  &#8211;  Passeport pour l\u2019entretien<\/span>[&hellip;]<\/a><\/p>\n","protected":false},"author":1,"featured_media":864,"comment_status":"open","ping_status":"open","sticky":false,"template":"","format":"standard","meta":{"_monsterinsights_skip_tracking":false,"_monsterinsights_sitenote_active":false,"_monsterinsights_sitenote_note":"","_monsterinsights_sitenote_category":0,"footnotes":""},"categories":[3],"tags":[74,84,86,85],"class_list":["post-860","post","type-post","status-publish","format-standard","has-post-thumbnail","hentry","category-lettre_dynamique","tag-entretien","tag-motivation","tag-originalite","tag-technique-de-redaction"],"yoast_head":"<!-- This site is optimized with the Yoast SEO plugin v27.5 - https:\/\/yoast.com\/product\/yoast-seo-wordpress\/ -->\n<title>La lettre de motivation - Passeport pour l\u2019entretien - Dynamique Cadres<\/title>\n<meta name=\"description\" content=\"L&#039;association faite par pour les cadres en transition professionnelle en les rendant proactifs au sein d&#039;une organisation stimulante bas\u00e9e sur le partage des apports de chacun.\" \/>\n<meta name=\"robots\" content=\"index, follow, max-snippet:-1, max-image-preview:large, max-video-preview:-1\" \/>\n<link rel=\"canonical\" href=\"https:\/\/dynamique-cadres.org\/wordpress\/la-lettre-de-motivation-passeport-pour-lentretien\/\" \/>\n<meta property=\"og:locale\" content=\"fr_FR\" \/>\n<meta property=\"og:type\" content=\"article\" \/>\n<meta property=\"og:title\" content=\"La lettre de motivation - Passeport pour l\u2019entretien - Dynamique Cadres\" \/>\n<meta property=\"og:description\" content=\"L&#039;association faite par pour les cadres en transition professionnelle en les rendant proactifs au sein d&#039;une organisation stimulante bas\u00e9e sur le partage des apports de chacun.\" \/>\n<meta property=\"og:url\" content=\"https:\/\/dynamique-cadres.org\/wordpress\/la-lettre-de-motivation-passeport-pour-lentretien\/\" \/>\n<meta property=\"og:site_name\" content=\"Dynamique Cadres\" \/>\n<meta property=\"article:publisher\" content=\"https:\/\/www.facebook.com\/profile.php?id=100011741796467\" \/>\n<meta property=\"article:published_time\" content=\"2019-05-09T18:32:08+00:00\" \/>\n<meta property=\"og:image\" content=\"https:\/\/adqcghyr.preview.infomaniak.website\/wordpress\/wp-content\/uploads\/2019\/05\/passportentretien.png\" \/>\n\t<meta property=\"og:image:width\" content=\"289\" \/>\n\t<meta property=\"og:image:height\" content=\"288\" \/>\n\t<meta property=\"og:image:type\" content=\"image\/png\" \/>\n<meta name=\"author\" content=\"Administrateur\" \/>\n<meta name=\"twitter:card\" content=\"summary_large_image\" \/>\n<meta name=\"twitter:creator\" content=\"@Dynamiquecadres\" \/>\n<meta name=\"twitter:site\" content=\"@Dynamiquecadres\" \/>\n<meta name=\"twitter:label1\" content=\"\u00c9crit par\" \/>\n\t<meta name=\"twitter:data1\" content=\"Administrateur\" \/>\n\t<meta name=\"twitter:label2\" content=\"Dur\u00e9e de lecture estim\u00e9e\" \/>\n\t<meta name=\"twitter:data2\" content=\"4 minutes\" \/>\n<script type=\"application\/ld+json\" class=\"yoast-schema-graph\">{\"@context\":\"https:\\\/\\\/schema.org\",\"@graph\":[{\"@type\":\"Article\",\"@id\":\"https:\\\/\\\/dynamique-cadres.org\\\/wordpress\\\/la-lettre-de-motivation-passeport-pour-lentretien\\\/#article\",\"isPartOf\":{\"@id\":\"https:\\\/\\\/dynamique-cadres.org\\\/wordpress\\\/la-lettre-de-motivation-passeport-pour-lentretien\\\/\"},\"author\":{\"name\":\"Administrateur\",\"@id\":\"https:\\\/\\\/dynamique-cadres.org\\\/wordpress\\\/#\\\/schema\\\/person\\\/d8bc28761a7583d4869ae9f803b566a7\"},\"headline\":\"La lettre de motivation &#8211; Passeport pour l\u2019entretien\",\"datePublished\":\"2019-05-09T18:32:08+00:00\",\"mainEntityOfPage\":{\"@id\":\"https:\\\/\\\/dynamique-cadres.org\\\/wordpress\\\/la-lettre-de-motivation-passeport-pour-lentretien\\\/\"},\"wordCount\":825,\"commentCount\":0,\"publisher\":{\"@id\":\"https:\\\/\\\/dynamique-cadres.org\\\/wordpress\\\/#organization\"},\"image\":{\"@id\":\"https:\\\/\\\/dynamique-cadres.org\\\/wordpress\\\/la-lettre-de-motivation-passeport-pour-lentretien\\\/#primaryimage\"},\"thumbnailUrl\":\"https:\\\/\\\/adqcghyr.preview.infomaniak.website\\\/wordpress\\\/wp-content\\\/uploads\\\/2019\\\/05\\\/passportentretien.png\",\"keywords\":[\"entretien\",\"motivation\",\"originalit\u00e9\",\"technique de r\u00e9daction\"],\"articleSection\":[\"Lettre Dynamique\"],\"inLanguage\":\"fr-FR\",\"potentialAction\":[{\"@type\":\"CommentAction\",\"name\":\"Comment\",\"target\":[\"https:\\\/\\\/dynamique-cadres.org\\\/wordpress\\\/la-lettre-de-motivation-passeport-pour-lentretien\\\/#respond\"]}]},{\"@type\":\"WebPage\",\"@id\":\"https:\\\/\\\/dynamique-cadres.org\\\/wordpress\\\/la-lettre-de-motivation-passeport-pour-lentretien\\\/\",\"url\":\"https:\\\/\\\/dynamique-cadres.org\\\/wordpress\\\/la-lettre-de-motivation-passeport-pour-lentretien\\\/\",\"name\":\"La lettre de motivation - Passeport pour l\u2019entretien - Dynamique Cadres\",\"isPartOf\":{\"@id\":\"https:\\\/\\\/dynamique-cadres.org\\\/wordpress\\\/#website\"},\"primaryImageOfPage\":{\"@id\":\"https:\\\/\\\/dynamique-cadres.org\\\/wordpress\\\/la-lettre-de-motivation-passeport-pour-lentretien\\\/#primaryimage\"},\"image\":{\"@id\":\"https:\\\/\\\/dynamique-cadres.org\\\/wordpress\\\/la-lettre-de-motivation-passeport-pour-lentretien\\\/#primaryimage\"},\"thumbnailUrl\":\"https:\\\/\\\/adqcghyr.preview.infomaniak.website\\\/wordpress\\\/wp-content\\\/uploads\\\/2019\\\/05\\\/passportentretien.png\",\"datePublished\":\"2019-05-09T18:32:08+00:00\",\"description\":\"L'association faite par pour les cadres en transition professionnelle en les rendant proactifs au sein d'une organisation stimulante bas\u00e9e sur le partage des apports de chacun.\",\"breadcrumb\":{\"@id\":\"https:\\\/\\\/dynamique-cadres.org\\\/wordpress\\\/la-lettre-de-motivation-passeport-pour-lentretien\\\/#breadcrumb\"},\"inLanguage\":\"fr-FR\",\"potentialAction\":[{\"@type\":\"ReadAction\",\"target\":[\"https:\\\/\\\/dynamique-cadres.org\\\/wordpress\\\/la-lettre-de-motivation-passeport-pour-lentretien\\\/\"]}]},{\"@type\":\"ImageObject\",\"inLanguage\":\"fr-FR\",\"@id\":\"https:\\\/\\\/dynamique-cadres.org\\\/wordpress\\\/la-lettre-de-motivation-passeport-pour-lentretien\\\/#primaryimage\",\"url\":\"https:\\\/\\\/adqcghyr.preview.infomaniak.website\\\/wordpress\\\/wp-content\\\/uploads\\\/2019\\\/05\\\/passportentretien.png\",\"contentUrl\":\"https:\\\/\\\/adqcghyr.preview.infomaniak.website\\\/wordpress\\\/wp-content\\\/uploads\\\/2019\\\/05\\\/passportentretien.png\",\"width\":289,\"height\":288},{\"@type\":\"BreadcrumbList\",\"@id\":\"https:\\\/\\\/dynamique-cadres.org\\\/wordpress\\\/la-lettre-de-motivation-passeport-pour-lentretien\\\/#breadcrumb\",\"itemListElement\":[{\"@type\":\"ListItem\",\"position\":1,\"name\":\"Accueil\",\"item\":\"https:\\\/\\\/dynamique-cadres.org\\\/wordpress\\\/\"},{\"@type\":\"ListItem\",\"position\":2,\"name\":\"La lettre de motivation &#8211; Passeport pour l\u2019entretien\"}]},{\"@type\":\"WebSite\",\"@id\":\"https:\\\/\\\/dynamique-cadres.org\\\/wordpress\\\/#website\",\"url\":\"https:\\\/\\\/dynamique-cadres.org\\\/wordpress\\\/\",\"name\":\"Dynamique Cadres\",\"description\":\"L&#039;association qui dynamise les cadres !\",\"publisher\":{\"@id\":\"https:\\\/\\\/dynamique-cadres.org\\\/wordpress\\\/#organization\"},\"potentialAction\":[{\"@type\":\"SearchAction\",\"target\":{\"@type\":\"EntryPoint\",\"urlTemplate\":\"https:\\\/\\\/dynamique-cadres.org\\\/wordpress\\\/?s={search_term_string}\"},\"query-input\":{\"@type\":\"PropertyValueSpecification\",\"valueRequired\":true,\"valueName\":\"search_term_string\"}}],\"inLanguage\":\"fr-FR\"},{\"@type\":\"Organization\",\"@id\":\"https:\\\/\\\/dynamique-cadres.org\\\/wordpress\\\/#organization\",\"name\":\"Dynamique Cadres\",\"url\":\"https:\\\/\\\/dynamique-cadres.org\\\/wordpress\\\/\",\"logo\":{\"@type\":\"ImageObject\",\"inLanguage\":\"fr-FR\",\"@id\":\"https:\\\/\\\/dynamique-cadres.org\\\/wordpress\\\/#\\\/schema\\\/logo\\\/image\\\/\",\"url\":\"https:\\\/\\\/adqcghyr.preview.infomaniak.website\\\/wordpress\\\/wp-content\\\/uploads\\\/2017\\\/04\\\/LOGO-hd.png\",\"contentUrl\":\"https:\\\/\\\/adqcghyr.preview.infomaniak.website\\\/wordpress\\\/wp-content\\\/uploads\\\/2017\\\/04\\\/LOGO-hd.png\",\"width\":2157,\"height\":579,\"caption\":\"Dynamique Cadres\"},\"image\":{\"@id\":\"https:\\\/\\\/dynamique-cadres.org\\\/wordpress\\\/#\\\/schema\\\/logo\\\/image\\\/\"},\"sameAs\":[\"https:\\\/\\\/www.facebook.com\\\/profile.php?id=100011741796467\",\"https:\\\/\\\/x.com\\\/Dynamiquecadres\",\"https:\\\/\\\/www.linkedin.com\\\/company-beta\\\/592628\\\/\"]},{\"@type\":\"Person\",\"@id\":\"https:\\\/\\\/dynamique-cadres.org\\\/wordpress\\\/#\\\/schema\\\/person\\\/d8bc28761a7583d4869ae9f803b566a7\",\"name\":\"Administrateur\",\"image\":{\"@type\":\"ImageObject\",\"inLanguage\":\"fr-FR\",\"@id\":\"https:\\\/\\\/secure.gravatar.com\\\/avatar\\\/60da60f22ad8a5d282b2e3e2c3fbd830cd65b8522e6b97a697fe74eccd670294?s=96&d=mm&r=g\",\"url\":\"https:\\\/\\\/secure.gravatar.com\\\/avatar\\\/60da60f22ad8a5d282b2e3e2c3fbd830cd65b8522e6b97a697fe74eccd670294?s=96&d=mm&r=g\",\"contentUrl\":\"https:\\\/\\\/secure.gravatar.com\\\/avatar\\\/60da60f22ad8a5d282b2e3e2c3fbd830cd65b8522e6b97a697fe74eccd670294?s=96&d=mm&r=g\",\"caption\":\"Administrateur\"},\"url\":\"https:\\\/\\\/dynamique-cadres.org\\\/wordpress\\\/author\\\/adqc_wordpress\\\/\"}]}<\/script>\n<!-- \/ Yoast SEO plugin. -->","yoast_head_json":{"title":"La lettre de motivation - Passeport pour l\u2019entretien - Dynamique Cadres","description":"L'association faite par pour les cadres en transition professionnelle en les rendant proactifs au sein d'une organisation stimulante bas\u00e9e sur le partage des apports de chacun.","robots":{"index":"index","follow":"follow","max-snippet":"max-snippet:-1","max-image-preview":"max-image-preview:large","max-video-preview":"max-video-preview:-1"},"canonical":"https:\/\/dynamique-cadres.org\/wordpress\/la-lettre-de-motivation-passeport-pour-lentretien\/","og_locale":"fr_FR","og_type":"article","og_title":"La lettre de motivation - Passeport pour l\u2019entretien - Dynamique Cadres","og_description":"L'association faite par pour les cadres en transition professionnelle en les rendant proactifs au sein d'une organisation stimulante bas\u00e9e sur le partage des apports de chacun.","og_url":"https:\/\/dynamique-cadres.org\/wordpress\/la-lettre-de-motivation-passeport-pour-lentretien\/","og_site_name":"Dynamique Cadres","article_publisher":"https:\/\/www.facebook.com\/profile.php?id=100011741796467","article_published_time":"2019-05-09T18:32:08+00:00","og_image":[{"width":289,"height":288,"url":"https:\/\/adqcghyr.preview.infomaniak.website\/wordpress\/wp-content\/uploads\/2019\/05\/passportentretien.png","type":"image\/png"}],"author":"Administrateur","twitter_card":"summary_large_image","twitter_creator":"@Dynamiquecadres","twitter_site":"@Dynamiquecadres","twitter_misc":{"\u00c9crit par":"Administrateur","Dur\u00e9e de lecture estim\u00e9e":"4 minutes"},"schema":{"@context":"https:\/\/schema.org","@graph":[{"@type":"Article","@id":"https:\/\/dynamique-cadres.org\/wordpress\/la-lettre-de-motivation-passeport-pour-lentretien\/#article","isPartOf":{"@id":"https:\/\/dynamique-cadres.org\/wordpress\/la-lettre-de-motivation-passeport-pour-lentretien\/"},"author":{"name":"Administrateur","@id":"https:\/\/dynamique-cadres.org\/wordpress\/#\/schema\/person\/d8bc28761a7583d4869ae9f803b566a7"},"headline":"La lettre de motivation &#8211; Passeport pour l\u2019entretien","datePublished":"2019-05-09T18:32:08+00:00","mainEntityOfPage":{"@id":"https:\/\/dynamique-cadres.org\/wordpress\/la-lettre-de-motivation-passeport-pour-lentretien\/"},"wordCount":825,"commentCount":0,"publisher":{"@id":"https:\/\/dynamique-cadres.org\/wordpress\/#organization"},"image":{"@id":"https:\/\/dynamique-cadres.org\/wordpress\/la-lettre-de-motivation-passeport-pour-lentretien\/#primaryimage"},"thumbnailUrl":"https:\/\/adqcghyr.preview.infomaniak.website\/wordpress\/wp-content\/uploads\/2019\/05\/passportentretien.png","keywords":["entretien","motivation","originalit\u00e9","technique de r\u00e9daction"],"articleSection":["Lettre Dynamique"],"inLanguage":"fr-FR","potentialAction":[{"@type":"CommentAction","name":"Comment","target":["https:\/\/dynamique-cadres.org\/wordpress\/la-lettre-de-motivation-passeport-pour-lentretien\/#respond"]}]},{"@type":"WebPage","@id":"https:\/\/dynamique-cadres.org\/wordpress\/la-lettre-de-motivation-passeport-pour-lentretien\/","url":"https:\/\/dynamique-cadres.org\/wordpress\/la-lettre-de-motivation-passeport-pour-lentretien\/","name":"La lettre de motivation - Passeport pour l\u2019entretien - Dynamique Cadres","isPartOf":{"@id":"https:\/\/dynamique-cadres.org\/wordpress\/#website"},"primaryImageOfPage":{"@id":"https:\/\/dynamique-cadres.org\/wordpress\/la-lettre-de-motivation-passeport-pour-lentretien\/#primaryimage"},"image":{"@id":"https:\/\/dynamique-cadres.org\/wordpress\/la-lettre-de-motivation-passeport-pour-lentretien\/#primaryimage"},"thumbnailUrl":"https:\/\/adqcghyr.preview.infomaniak.website\/wordpress\/wp-content\/uploads\/2019\/05\/passportentretien.png","datePublished":"2019-05-09T18:32:08+00:00","description":"L'association faite par pour les cadres en transition professionnelle en les rendant proactifs au sein d'une organisation stimulante bas\u00e9e sur le partage des apports de chacun.","breadcrumb":{"@id":"https:\/\/dynamique-cadres.org\/wordpress\/la-lettre-de-motivation-passeport-pour-lentretien\/#breadcrumb"},"inLanguage":"fr-FR","potentialAction":[{"@type":"ReadAction","target":["https:\/\/dynamique-cadres.org\/wordpress\/la-lettre-de-motivation-passeport-pour-lentretien\/"]}]},{"@type":"ImageObject","inLanguage":"fr-FR","@id":"https:\/\/dynamique-cadres.org\/wordpress\/la-lettre-de-motivation-passeport-pour-lentretien\/#primaryimage","url":"https:\/\/adqcghyr.preview.infomaniak.website\/wordpress\/wp-content\/uploads\/2019\/05\/passportentretien.png","contentUrl":"https:\/\/adqcghyr.preview.infomaniak.website\/wordpress\/wp-content\/uploads\/2019\/05\/passportentretien.png","width":289,"height":288},{"@type":"BreadcrumbList","@id":"https:\/\/dynamique-cadres.org\/wordpress\/la-lettre-de-motivation-passeport-pour-lentretien\/#breadcrumb","itemListElement":[{"@type":"ListItem","position":1,"name":"Accueil","item":"https:\/\/dynamique-cadres.org\/wordpress\/"},{"@type":"ListItem","position":2,"name":"La lettre de motivation &#8211; Passeport pour l\u2019entretien"}]},{"@type":"WebSite","@id":"https:\/\/dynamique-cadres.org\/wordpress\/#website","url":"https:\/\/dynamique-cadres.org\/wordpress\/","name":"Dynamique Cadres","description":"L&#039;association qui dynamise les cadres !","publisher":{"@id":"https:\/\/dynamique-cadres.org\/wordpress\/#organization"},"potentialAction":[{"@type":"SearchAction","target":{"@type":"EntryPoint","urlTemplate":"https:\/\/dynamique-cadres.org\/wordpress\/?s={search_term_string}"},"query-input":{"@type":"PropertyValueSpecification","valueRequired":true,"valueName":"search_term_string"}}],"inLanguage":"fr-FR"},{"@type":"Organization","@id":"https:\/\/dynamique-cadres.org\/wordpress\/#organization","name":"Dynamique Cadres","url":"https:\/\/dynamique-cadres.org\/wordpress\/","logo":{"@type":"ImageObject","inLanguage":"fr-FR","@id":"https:\/\/dynamique-cadres.org\/wordpress\/#\/schema\/logo\/image\/","url":"https:\/\/adqcghyr.preview.infomaniak.website\/wordpress\/wp-content\/uploads\/2017\/04\/LOGO-hd.png","contentUrl":"https:\/\/adqcghyr.preview.infomaniak.website\/wordpress\/wp-content\/uploads\/2017\/04\/LOGO-hd.png","width":2157,"height":579,"caption":"Dynamique Cadres"},"image":{"@id":"https:\/\/dynamique-cadres.org\/wordpress\/#\/schema\/logo\/image\/"},"sameAs":["https:\/\/www.facebook.com\/profile.php?id=100011741796467","https:\/\/x.com\/Dynamiquecadres","https:\/\/www.linkedin.com\/company-beta\/592628\/"]},{"@type":"Person","@id":"https:\/\/dynamique-cadres.org\/wordpress\/#\/schema\/person\/d8bc28761a7583d4869ae9f803b566a7","name":"Administrateur","image":{"@type":"ImageObject","inLanguage":"fr-FR","@id":"https:\/\/secure.gravatar.com\/avatar\/60da60f22ad8a5d282b2e3e2c3fbd830cd65b8522e6b97a697fe74eccd670294?s=96&d=mm&r=g","url":"https:\/\/secure.gravatar.com\/avatar\/60da60f22ad8a5d282b2e3e2c3fbd830cd65b8522e6b97a697fe74eccd670294?s=96&d=mm&r=g","contentUrl":"https:\/\/secure.gravatar.com\/avatar\/60da60f22ad8a5d282b2e3e2c3fbd830cd65b8522e6b97a697fe74eccd670294?s=96&d=mm&r=g","caption":"Administrateur"},"url":"https:\/\/dynamique-cadres.org\/wordpress\/author\/adqc_wordpress\/"}]}},"_links":{"self":[{"href":"https:\/\/dynamique-cadres.org\/wordpress\/wp-json\/wp\/v2\/posts\/860","targetHints":{"allow":["GET"]}}],"collection":[{"href":"https:\/\/dynamique-cadres.org\/wordpress\/wp-json\/wp\/v2\/posts"}],"about":[{"href":"https:\/\/dynamique-cadres.org\/wordpress\/wp-json\/wp\/v2\/types\/post"}],"author":[{"embeddable":true,"href":"https:\/\/dynamique-cadres.org\/wordpress\/wp-json\/wp\/v2\/users\/1"}],"replies":[{"embeddable":true,"href":"https:\/\/dynamique-cadres.org\/wordpress\/wp-json\/wp\/v2\/comments?post=860"}],"version-history":[{"count":3,"href":"https:\/\/dynamique-cadres.org\/wordpress\/wp-json\/wp\/v2\/posts\/860\/revisions"}],"predecessor-version":[{"id":863,"href":"https:\/\/dynamique-cadres.org\/wordpress\/wp-json\/wp\/v2\/posts\/860\/revisions\/863"}],"wp:featuredmedia":[{"embeddable":true,"href":"https:\/\/dynamique-cadres.org\/wordpress\/wp-json\/wp\/v2\/media\/864"}],"wp:attachment":[{"href":"https:\/\/dynamique-cadres.org\/wordpress\/wp-json\/wp\/v2\/media?parent=860"}],"wp:term":[{"taxonomy":"category","embeddable":true,"href":"https:\/\/dynamique-cadres.org\/wordpress\/wp-json\/wp\/v2\/categories?post=860"},{"taxonomy":"post_tag","embeddable":true,"href":"https:\/\/dynamique-cadres.org\/wordpress\/wp-json\/wp\/v2\/tags?post=860"}],"curies":[{"name":"wp","href":"https:\/\/api.w.org\/{rel}","templated":true}]}}